{"id":6192,"date":"2025-06-12T10:34:06","date_gmt":"2025-06-12T13:34:06","guid":{"rendered":"https:\/\/www.professorvladmirsilveira.com.br\/?p=6192"},"modified":"2025-06-12T10:34:06","modified_gmt":"2025-06-12T13:34:06","slug":"lancamento-livro-refugiados-imigrantes-e-igualdade-dos-povos-vol-ii","status":"publish","type":"post","link":"https:\/\/clientes.jusanalytics.com.br\/professor\/2025\/06\/12\/lancamento-livro-refugiados-imigrantes-e-igualdade-dos-povos-vol-ii\/","title":{"rendered":"Lan\u00e7amento Livro: &#8220;Refugiados, Imigrantes e Igualdade dos Povos\u201d &#8211; Vol. II"},"content":{"rendered":"<p data-prosemirror-content-type=\"node\" data-prosemirror-node-name=\"paragraph\" data-prosemirror-node-block=\"true\" data-pm-slice=\"1 1 []\">Muito feliz em participar como um dos autores do II Vol. do livro: <em data-prosemirror-content-type=\"mark\" data-prosemirror-mark-name=\"em\">\u201dRefugiados, Imigrantes e Igualdade dos Povos\u201d, coordenado por Marco Ant\u00f4nio Marques da Silva<\/em> e <em data-prosemirror-content-type=\"mark\" data-prosemirror-mark-name=\"em\">Eduardo Vera-Cruz Pinto, e publicado pela editora Quartier Latin.<\/em><\/p>\n<p data-prosemirror-content-type=\"node\" data-prosemirror-node-name=\"paragraph\" data-prosemirror-node-block=\"true\">O lan\u00e7amento acontece no <em data-prosemirror-content-type=\"mark\" data-prosemirror-mark-name=\"em\">dia 17 de junho, a partir das 18h, na Casa de Portugal,<\/em> na Av. da Liberdade, 602, <em data-prosemirror-content-type=\"mark\" data-prosemirror-mark-name=\"em\">no Centro de S\u00e3o Paulo.<\/em><\/p>\n<p data-prosemirror-content-type=\"node\" data-prosemirror-node-name=\"paragraph\" data-prosemirror-node-block=\"true\"><img fetchpriority=\"high\" decoding=\"async\" class=\"alignnone size-full wp-image-6193\" src=\"https:\/\/www.professorvladmirsilveira.com.br\/wp-content\/uploads\/2025\/06\/WhatsApp-Image-2025-06-09-at-18.00.57.jpeg\" alt=\"Lan\u00e7amento Livro: &quot;Refugiados, Imigrantes e Igualdade dos Povos\u201d - Vol. II\" width=\"824\" height=\"1280\" srcset=\"https:\/\/clientes.jusanalytics.com.br\/professor\/wp-content\/uploads\/2025\/06\/WhatsApp-Image-2025-06-09-at-18.00.57.jpeg 824w, https:\/\/clientes.jusanalytics.com.br\/professor\/wp-content\/uploads\/2025\/06\/WhatsApp-Image-2025-06-09-at-18.00.57-193x300.jpeg 193w, https:\/\/clientes.jusanalytics.com.br\/professor\/wp-content\/uploads\/2025\/06\/WhatsApp-Image-2025-06-09-at-18.00.57-659x1024.jpeg 659w, https:\/\/clientes.jusanalytics.com.br\/professor\/wp-content\/uploads\/2025\/06\/WhatsApp-Image-2025-06-09-at-18.00.57-768x1193.jpeg 768w, https:\/\/clientes.jusanalytics.com.br\/professor\/wp-content\/uploads\/2025\/06\/WhatsApp-Image-2025-06-09-at-18.00.57-695x1080.jpeg 695w\" sizes=\"(max-width: 824px) 100vw, 824px\" \/><\/p>\n","protected":false},"excerpt":{"rendered":"<p>Muito feliz em participar como um dos autores do II Vol. do livro: \u201dRefugiados, Imigrantes e Igualdade dos Povos\u201d, coordenado por Marco Ant\u00f4nio Marques da Silva e Eduardo Vera-Cruz Pinto, e publicado pela editora Quartier Latin. O lan\u00e7amento acontece no dia 17 de junho, a partir das 18h, na Casa de Portugal, na Av. da Liberdade, 602, no Centro de S\u00e3o Paulo.<\/p>\n","protected":false},"author":1,"featured_media":6196,"comment_status":"closed","ping_status":"open","sticky":false,"template":"","format":"standard","meta":{"site-sidebar-layout":"default","site-content-layout":"","ast-site-content-layout":"default","site-content-style":"default","site-sidebar-style":"default","ast-global-header-display":"","ast-banner-title-visibility":"","ast-main-header-display":"","ast-hfb-above-header-display":"","ast-hfb-below-header-display":"","ast-hfb-mobile-header-display":"","site-post-title":"","ast-breadcrumbs-content":"","ast-featured-img":"","footer-sml-layout":"","theme-transparent-header-meta":"","adv-header-id-meta":"","stick-header-meta":"","header-above-stick-meta":"","header-main-stick-meta":"","header-below-stick-meta":"","astra-migrate-meta-layouts":"default","ast-page-background-enabled":"default","ast-page-background-meta":{"desktop":{"background-color":"var(--ast-global-color-5)","background-image":"","background-repeat":"repeat","background-position":"center center","background-size":"auto","background-attachment":"scroll","background-type":"","background-media":"","overlay-type":"","overlay-color":"","overlay-opacity":"","overlay-gradient":""},"tablet":{"background-color":"","background-image":"","background-repeat":"repeat","background-position":"center center","background-size":"auto","background-attachment":"scroll","background-type":"","background-media":"","overlay-type":"","overlay-color":"","overlay-opacity":"","overlay-gradient":""},"mobile":{"background-color":"","background-image":"","background-repeat":"repeat","background-position":"center center","background-size":"auto","background-attachment":"scroll","background-type":"","background-media":"","overlay-type":"","overlay-color":"","overlay-opacity":"","overlay-gradient":""}},"ast-content-background-meta":{"desktop":{"background-color":"var(--ast-global-color-4)","background-image":"","background-repeat":"repeat","background-position":"center center","background-size":"auto","background-attachment":"scroll","background-type":"","background-media":"","overlay-type":"","overlay-color":"","overlay-opacity":"","overlay-gradient":""},"tablet":{"background-color":"var(--ast-global-color-4)","background-image":"","background-repeat":"repeat","background-position":"center center","background-size":"auto","background-attachment":"scroll","background-type":"","background-media":"","overlay-type":"","overlay-color":"","overlay-opacity":"","overlay-gradient":""},"mobile":{"background-color":"var(--ast-global-color-4)","background-image":"","background-repeat":"repeat","background-position":"center center","background-size":"auto","background-attachment":"scroll","background-type":"","background-media":"","overlay-type":"","overlay-color":"","overlay-opacity":"","overlay-gradient":""}},"footnotes":""},"categories":[130],"tags":[],"class_list":["post-6192","post","type-post","status-publish","format-standard","has-post-thumbnail","hentry","category-eventos"],"_links":{"self":[{"href":"https:\/\/clientes.jusanalytics.com.br\/professor\/wp-json\/wp\/v2\/posts\/6192","targetHints":{"allow":["GET"]}}],"collection":[{"href":"https:\/\/clientes.jusanalytics.com.br\/professor\/wp-json\/wp\/v2\/posts"}],"about":[{"href":"https:\/\/clientes.jusanalytics.com.br\/professor\/wp-json\/wp\/v2\/types\/post"}],"author":[{"embeddable":true,"href":"https:\/\/clientes.jusanalytics.com.br\/professor\/wp-json\/wp\/v2\/users\/1"}],"replies":[{"embeddable":true,"href":"https:\/\/clientes.jusanalytics.com.br\/professor\/wp-json\/wp\/v2\/comments?post=6192"}],"version-history":[{"count":0,"href":"https:\/\/clientes.jusanalytics.com.br\/professor\/wp-json\/wp\/v2\/posts\/6192\/revisions"}],"wp:featuredmedia":[{"embeddable":true,"href":"https:\/\/clientes.jusanalytics.com.br\/professor\/wp-json\/wp\/v2\/media\/6196"}],"wp:attachment":[{"href":"https:\/\/clientes.jusanalytics.com.br\/professor\/wp-json\/wp\/v2\/media?parent=6192"}],"wp:term":[{"taxonomy":"category","embeddable":true,"href":"https:\/\/clientes.jusanalytics.com.br\/professor\/wp-json\/wp\/v2\/categories?post=6192"},{"taxonomy":"post_tag","embeddable":true,"href":"https:\/\/clientes.jusanalytics.com.br\/professor\/wp-json\/wp\/v2\/tags?post=6192"}],"curies":[{"name":"wp","href":"https:\/\/api.w.org\/{rel}","templated":true}]}}