{"id":6121,"date":"2025-01-08T10:44:45","date_gmt":"2025-01-08T13:44:45","guid":{"rendered":"https:\/\/www.professorvladmirsilveira.com.br\/?p=6121"},"modified":"2025-01-08T10:44:45","modified_gmt":"2025-01-08T13:44:45","slug":"a-universidade-federal-da-fronteira-sul-anuncia-concurso-publico-para-professores","status":"publish","type":"post","link":"https:\/\/clientes.jusanalytics.com.br\/professor\/2025\/01\/08\/a-universidade-federal-da-fronteira-sul-anuncia-concurso-publico-para-professores\/","title":{"rendered":"A Universidade Federal da Fronteira Sul anuncia Concurso P\u00fablico para professores"},"content":{"rendered":"<p>A Universidade Federal da Fronteira Sul (UFFS) torna p\u00fablica a abertura de inscri\u00e7\u00f5es para o Concurso P\u00fablico destinado ao provimento de cargos na Carreira do Magist\u00e9rio Superior para o Quadro Permanente da institui\u00e7\u00e3o.<\/p>\n<h3><strong>\u00c1reas e Requisitos Espec\u00edficos<\/strong><\/h3>\n<p><strong>1. Administra\u00e7\u00e3o P\u00fablica<\/strong><\/p>\n<ul>\n<li><strong>Gradua\u00e7\u00e3o exigida:<\/strong> Administra\u00e7\u00e3o, Administra\u00e7\u00e3o P\u00fablica, Gest\u00e3o de Pol\u00edticas P\u00fablicas, Gest\u00e3o P\u00fablica ou Gest\u00e3o Social<\/li>\n<li><strong>Doutorado exigido:<\/strong> Administra\u00e7\u00e3o P\u00fablica, Gest\u00e3o P\u00fablica, Gest\u00e3o de Organiza\u00e7\u00f5es P\u00fablicas, Pol\u00edticas P\u00fablicas, Ci\u00eancia Pol\u00edtica ou Sociologia.<\/li>\n<\/ul>\n<p><strong>2. Desenvolvimento e Administra\u00e7\u00e3o P\u00fablica<\/strong><\/p>\n<ul>\n<li><strong>Gradua\u00e7\u00e3o exigida:<\/strong> Administra\u00e7\u00e3o P\u00fablica , Gest\u00e3o P\u00fablica ,Gest\u00e3o Social ou Gest\u00e3o de Pol\u00edticas P\u00fablicas<\/li>\n<li><strong>Doutorado exigido:<\/strong> Doutorado em Economia do Setor P\u00fablico, Economia Pol\u00edtica , Economia do Desenvolvimento , Planejamento Urbano e Regional,\u00a0 Desenvolvimento ou Ci\u00eancias Sociais<\/li>\n<\/ul>\n<p><strong>3. Direito<\/strong><\/p>\n<ul>\n<li><strong>Gradua\u00e7\u00e3o exigida:<\/strong> Direito ou Ci\u00eancias Jur\u00eddicas.<\/li>\n<li><strong>Doutorado exigido:<\/strong> Administra\u00e7\u00e3o P\u00fablica, Ci\u00eancia Pol\u00edtica ou Sociologia.<\/li>\n<\/ul>\n<h3><strong>Cronograma do Concurso<\/strong><\/h3>\n<ul>\n<li><strong>Per\u00edodo de Inscri\u00e7\u00f5es:<\/strong> de 13 de janeiro a 21 de fevereiro de 2025, exclusivamente pelo site <a href=\"https:\/\/concursos.uffs.edu.br\" target=\"_new\" rel=\"noopener\">concursos.uffs.edu.br<\/a>.<\/li>\n<li><strong>Prova de Conhecimentos:<\/strong> 22 de mar\u00e7o de 2025.<\/li>\n<li><strong>Prova Did\u00e1tica:<\/strong> 5 de abril de 2025.<\/li>\n<\/ul>\n<p>Para mais informa\u00e7\u00f5es, acesse o edital completo:<\/p>\n<p><a href=\"https:\/\/concursos.uffs.edu.br\/publicacao.php?edital=273\">https:\/\/concursos.uffs.edu.br\/publicacao.php?edital=273\u00a0<\/a><\/p>\n","protected":false},"excerpt":{"rendered":"<p>A Universidade Federal da Fronteira Sul (UFFS) torna p\u00fablica a abertura de inscri\u00e7\u00f5es para o Concurso P\u00fablico destinado ao provimento de cargos na Carreira do Magist\u00e9rio Superior para o Quadro Permanente da institui\u00e7\u00e3o. \u00c1reas e Requisitos Espec\u00edficos 1. Administra\u00e7\u00e3o P\u00fablica Gradua\u00e7\u00e3o exigida: Administra\u00e7\u00e3o, Administra\u00e7\u00e3o P\u00fablica, Gest\u00e3o de Pol\u00edticas P\u00fablicas, Gest\u00e3o P\u00fablica ou Gest\u00e3o Social Doutorado exigido: Administra\u00e7\u00e3o P\u00fablica, Gest\u00e3o P\u00fablica, Gest\u00e3o de Organiza\u00e7\u00f5es P\u00fablicas, Pol\u00edticas P\u00fablicas, Ci\u00eancia Pol\u00edtica ou Sociologia. 2. Desenvolvimento e Administra\u00e7\u00e3o P\u00fablica Gradua\u00e7\u00e3o exigida: Administra\u00e7\u00e3o P\u00fablica , Gest\u00e3o P\u00fablica ,Gest\u00e3o Social ou Gest\u00e3o de Pol\u00edticas P\u00fablicas Doutorado exigido: Doutorado em Economia do Setor P\u00fablico, Economia Pol\u00edtica , Economia do Desenvolvimento , Planejamento Urbano e Regional,\u00a0 Desenvolvimento ou Ci\u00eancias Sociais 3. Direito Gradua\u00e7\u00e3o exigida: Direito ou Ci\u00eancias Jur\u00eddicas. Doutorado exigido: Administra\u00e7\u00e3o P\u00fablica, Ci\u00eancia Pol\u00edtica ou Sociologia. Cronograma do Concurso Per\u00edodo de Inscri\u00e7\u00f5es: de 13 de janeiro a 21 de fevereiro de 2025, exclusivamente pelo site concursos.uffs.edu.br. Prova de Conhecimentos: 22 de mar\u00e7o de 2025. Prova Did\u00e1tica: 5 de abril de 2025. Para mais informa\u00e7\u00f5es, acesse o edital completo: https:\/\/concursos.uffs.edu.br\/publicacao.php?edital=273\u00a0<\/p>\n","protected":false},"author":1,"featured_media":6122,"comment_status":"closed","ping_status":"open","sticky":false,"template":"","format":"standard","meta":{"site-sidebar-layout":"default","site-content-layout":"","ast-site-content-layout":"default","site-content-style":"default","site-sidebar-style":"default","ast-global-header-display":"","ast-banner-title-visibility":"","ast-main-header-display":"","ast-hfb-above-header-display":"","ast-hfb-below-header-display":"","ast-hfb-mobile-header-display":"","site-post-title":"","ast-breadcrumbs-content":"","ast-featured-img":"","footer-sml-layout":"","theme-transparent-header-meta":"","adv-header-id-meta":"","stick-header-meta":"","header-above-stick-meta":"","header-main-stick-meta":"","header-below-stick-meta":"","astra-migrate-meta-layouts":"default","ast-page-background-enabled":"default","ast-page-background-meta":{"desktop":{"background-color":"var(--ast-global-color-5)","background-image":"","background-repeat":"repeat","background-position":"center center","background-size":"auto","background-attachment":"scroll","background-type":"","background-media":"","overlay-type":"","overlay-color":"","overlay-opacity":"","overlay-gradient":""},"tablet":{"background-color":"","background-image":"","background-repeat":"repeat","background-position":"center center","background-size":"auto","background-attachment":"scroll","background-type":"","background-media":"","overlay-type":"","overlay-color":"","overlay-opacity":"","overlay-gradient":""},"mobile":{"background-color":"","background-image":"","background-repeat":"repeat","background-position":"center center","background-size":"auto","background-attachment":"scroll","background-type":"","background-media":"","overlay-type":"","overlay-color":"","overlay-opacity":"","overlay-gradient":""}},"ast-content-background-meta":{"desktop":{"background-color":"var(--ast-global-color-4)","background-image":"","background-repeat":"repeat","background-position":"center center","background-size":"auto","background-attachment":"scroll","background-type":"","background-media":"","overlay-type":"","overlay-color":"","overlay-opacity":"","overlay-gradient":""},"tablet":{"background-color":"var(--ast-global-color-4)","background-image":"","background-repeat":"repeat","background-position":"center center","background-size":"auto","background-attachment":"scroll","background-type":"","background-media":"","overlay-type":"","overlay-color":"","overlay-opacity":"","overlay-gradient":""},"mobile":{"background-color":"var(--ast-global-color-4)","background-image":"","background-repeat":"repeat","background-position":"center center","background-size":"auto","background-attachment":"scroll","background-type":"","background-media":"","overlay-type":"","overlay-color":"","overlay-opacity":"","overlay-gradient":""}},"footnotes":""},"categories":[48],"tags":[],"class_list":["post-6121","post","type-post","status-publish","format-standard","has-post-thumbnail","hentry","category-oportunidades"],"_links":{"self":[{"href":"https:\/\/clientes.jusanalytics.com.br\/professor\/wp-json\/wp\/v2\/posts\/6121","targetHints":{"allow":["GET"]}}],"collection":[{"href":"https:\/\/clientes.jusanalytics.com.br\/professor\/wp-json\/wp\/v2\/posts"}],"about":[{"href":"https:\/\/clientes.jusanalytics.com.br\/professor\/wp-json\/wp\/v2\/types\/post"}],"author":[{"embeddable":true,"href":"https:\/\/clientes.jusanalytics.com.br\/professor\/wp-json\/wp\/v2\/users\/1"}],"replies":[{"embeddable":true,"href":"https:\/\/clientes.jusanalytics.com.br\/professor\/wp-json\/wp\/v2\/comments?post=6121"}],"version-history":[{"count":0,"href":"https:\/\/clientes.jusanalytics.com.br\/professor\/wp-json\/wp\/v2\/posts\/6121\/revisions"}],"wp:featuredmedia":[{"embeddable":true,"href":"https:\/\/clientes.jusanalytics.com.br\/professor\/wp-json\/wp\/v2\/media\/6122"}],"wp:attachment":[{"href":"https:\/\/clientes.jusanalytics.com.br\/professor\/wp-json\/wp\/v2\/media?parent=6121"}],"wp:term":[{"taxonomy":"category","embeddable":true,"href":"https:\/\/clientes.jusanalytics.com.br\/professor\/wp-json\/wp\/v2\/categories?post=6121"},{"taxonomy":"post_tag","embeddable":true,"href":"https:\/\/clientes.jusanalytics.com.br\/professor\/wp-json\/wp\/v2\/tags?post=6121"}],"curies":[{"name":"wp","href":"https:\/\/api.w.org\/{rel}","templated":true}]}}