{"id":5915,"date":"2024-09-19T14:54:14","date_gmt":"2024-09-19T17:54:14","guid":{"rendered":"https:\/\/www.professorvladmirsilveira.com.br\/?p=5915"},"modified":"2024-09-19T14:54:14","modified_gmt":"2024-09-19T17:54:14","slug":"abre-o-edital-para-o-programa-de-pos-graduacao-para-mestrado-e-doutorado-em-direito-da-universidade-federal-do-para","status":"publish","type":"post","link":"https:\/\/clientes.jusanalytics.com.br\/professor\/2024\/09\/19\/abre-o-edital-para-o-programa-de-pos-graduacao-para-mestrado-e-doutorado-em-direito-da-universidade-federal-do-para\/","title":{"rendered":"Abre o edital para o Programa de P\u00f3s-Gradua\u00e7\u00e3o para Mestrado e Doutorado em Direito da Universidade Federal do Par\u00e1"},"content":{"rendered":"<p data-pm-slice=\"1 1 []\">O Programa de P\u00f3s-Gradua\u00e7\u00e3o em Direito da Universidade Federal do Par\u00e1 abre processo seletivo para o preenchimento de vagas no Curso de Mestrado e Doutorado, todas referentes a ingresso no primeiro semestre letivo de 2025.<\/p>\n<p>As linhas de pesquisa do Programa s\u00e3o:<\/p>\n<ol class=\"ak-ol\" start=\"1\">\n<li>Constitucionalismo, Pol\u00edticas P\u00fablicas e Direitos Humanos;<\/li>\n<li>Direitos fundamentais: concretiza\u00e7\u00e3o e garantias;<\/li>\n<li>Direitos Fundamentais e Meio Ambiente;<\/li>\n<li>Estudos Cr\u00edticos do Direito;<\/li>\n<li>Sistema Penal e Direitos Humanos.<\/li>\n<\/ol>\n<p>As pessoas candidatas dever\u00e3o indicar, em seu pedido de inscri\u00e7\u00e3o, a linha de pesquisa para a qual pretende concorrer.<\/p>\n<p>A data limite para as inscri\u00e7\u00f5es \u00e9 at\u00e9 o dia 25 de outubro 2024.<\/p>\n<p>Acesse o edital aqui: <a href=\"https:\/\/www.ppgd.propesp.ufpa.br\/index.php\/br\/\">https:\/\/www.ppgd.propesp.ufpa.br\/index.php\/br\/\u00a0<\/a><\/p>\n<p>Fonte: PPGD<\/p>\n","protected":false},"excerpt":{"rendered":"<p>O Programa de P\u00f3s-Gradua\u00e7\u00e3o em Direito da Universidade Federal do Par\u00e1 abre processo seletivo para o preenchimento de vagas no Curso de Mestrado e Doutorado, todas referentes a ingresso no primeiro semestre letivo de 2025. As linhas de pesquisa do Programa s\u00e3o: Constitucionalismo, Pol\u00edticas P\u00fablicas e Direitos Humanos; Direitos fundamentais: concretiza\u00e7\u00e3o e garantias; Direitos Fundamentais e Meio Ambiente; Estudos Cr\u00edticos do Direito; Sistema Penal e Direitos Humanos. As pessoas candidatas dever\u00e3o indicar, em seu pedido de inscri\u00e7\u00e3o, a linha de pesquisa para a qual pretende concorrer. A data limite para as inscri\u00e7\u00f5es \u00e9 at\u00e9 o dia 25 de outubro 2024. Acesse o edital aqui: https:\/\/www.ppgd.propesp.ufpa.br\/index.php\/br\/\u00a0 Fonte: PPGD<\/p>\n","protected":false},"author":1,"featured_media":5917,"comment_status":"closed","ping_status":"open","sticky":false,"template":"","format":"standard","meta":{"site-sidebar-layout":"default","site-content-layout":"","ast-site-content-layout":"default","site-content-style":"default","site-sidebar-style":"default","ast-global-header-display":"","ast-banner-title-visibility":"","ast-main-header-display":"","ast-hfb-above-header-display":"","ast-hfb-below-header-display":"","ast-hfb-mobile-header-display":"","site-post-title":"","ast-breadcrumbs-content":"","ast-featured-img":"","footer-sml-layout":"","theme-transparent-header-meta":"","adv-header-id-meta":"","stick-header-meta":"","header-above-stick-meta":"","header-main-stick-meta":"","header-below-stick-meta":"","astra-migrate-meta-layouts":"default","ast-page-background-enabled":"default","ast-page-background-meta":{"desktop":{"background-color":"var(--ast-global-color-5)","background-image":"","background-repeat":"repeat","background-position":"center center","background-size":"auto","background-attachment":"scroll","background-type":"","background-media":"","overlay-type":"","overlay-color":"","overlay-opacity":"","overlay-gradient":""},"tablet":{"background-color":"","background-image":"","background-repeat":"repeat","background-position":"center center","background-size":"auto","background-attachment":"scroll","background-type":"","background-media":"","overlay-type":"","overlay-color":"","overlay-opacity":"","overlay-gradient":""},"mobile":{"background-color":"","background-image":"","background-repeat":"repeat","background-position":"center center","background-size":"auto","background-attachment":"scroll","background-type":"","background-media":"","overlay-type":"","overlay-color":"","overlay-opacity":"","overlay-gradient":""}},"ast-content-background-meta":{"desktop":{"background-color":"var(--ast-global-color-4)","background-image":"","background-repeat":"repeat","background-position":"center center","background-size":"auto","background-attachment":"scroll","background-type":"","background-media":"","overlay-type":"","overlay-color":"","overlay-opacity":"","overlay-gradient":""},"tablet":{"background-color":"var(--ast-global-color-4)","background-image":"","background-repeat":"repeat","background-position":"center center","background-size":"auto","background-attachment":"scroll","background-type":"","background-media":"","overlay-type":"","overlay-color":"","overlay-opacity":"","overlay-gradient":""},"mobile":{"background-color":"var(--ast-global-color-4)","background-image":"","background-repeat":"repeat","background-position":"center center","background-size":"auto","background-attachment":"scroll","background-type":"","background-media":"","overlay-type":"","overlay-color":"","overlay-opacity":"","overlay-gradient":""}},"footnotes":""},"categories":[48],"tags":[70],"class_list":["post-5915","post","type-post","status-publish","format-standard","has-post-thumbnail","hentry","category-oportunidades","tag-educacao-juridica"],"_links":{"self":[{"href":"https:\/\/clientes.jusanalytics.com.br\/professor\/wp-json\/wp\/v2\/posts\/5915","targetHints":{"allow":["GET"]}}],"collection":[{"href":"https:\/\/clientes.jusanalytics.com.br\/professor\/wp-json\/wp\/v2\/posts"}],"about":[{"href":"https:\/\/clientes.jusanalytics.com.br\/professor\/wp-json\/wp\/v2\/types\/post"}],"author":[{"embeddable":true,"href":"https:\/\/clientes.jusanalytics.com.br\/professor\/wp-json\/wp\/v2\/users\/1"}],"replies":[{"embeddable":true,"href":"https:\/\/clientes.jusanalytics.com.br\/professor\/wp-json\/wp\/v2\/comments?post=5915"}],"version-history":[{"count":0,"href":"https:\/\/clientes.jusanalytics.com.br\/professor\/wp-json\/wp\/v2\/posts\/5915\/revisions"}],"wp:featuredmedia":[{"embeddable":true,"href":"https:\/\/clientes.jusanalytics.com.br\/professor\/wp-json\/wp\/v2\/media\/5917"}],"wp:attachment":[{"href":"https:\/\/clientes.jusanalytics.com.br\/professor\/wp-json\/wp\/v2\/media?parent=5915"}],"wp:term":[{"taxonomy":"category","embeddable":true,"href":"https:\/\/clientes.jusanalytics.com.br\/professor\/wp-json\/wp\/v2\/categories?post=5915"},{"taxonomy":"post_tag","embeddable":true,"href":"https:\/\/clientes.jusanalytics.com.br\/professor\/wp-json\/wp\/v2\/tags?post=5915"}],"curies":[{"name":"wp","href":"https:\/\/api.w.org\/{rel}","templated":true}]}}