{"id":5743,"date":"2024-03-06T09:30:23","date_gmt":"2024-03-06T12:30:23","guid":{"rendered":"https:\/\/www.professorvladmirsilveira.com.br\/?p=5743"},"modified":"2024-03-06T09:30:23","modified_gmt":"2024-03-06T12:30:23","slug":"2a-conferencia-o-estado-da-arte-da-pesquisa-arqueologica-na-amazonia-eduardo-neves","status":"publish","type":"post","link":"https:\/\/clientes.jusanalytics.com.br\/professor\/2024\/03\/06\/2a-conferencia-o-estado-da-arte-da-pesquisa-arqueologica-na-amazonia-eduardo-neves\/","title":{"rendered":"2\u00aa Confer\u00eancia: O estado da arte da pesquisa arqueol\u00f3gica na Amaz\u00f4nia &#8211; EDUARDO NEVES"},"content":{"rendered":"<p data-pm-slice=\"1 1 []\">O Presidente da FAPESP, Marco Antonio Zago, te convida para a confer\u00eancia de Eduardo Neves, diretor do Museu de Arqueologia e Etnologia da Universidade de S\u00e3o Paulo ( MAE-USP).<\/p>\n<p>A arqueologia amaz\u00f4nica mudou muito nos \u00faltimos vinte anos. Ao final da d\u00e9cada de 1990 o principal tema de discuss\u00e3o era se a Amaz\u00f4nia era densamente povoada no passado. Hoje \u00e9 aceito que as ocupa\u00e7\u00f5es antigas dos povos ind\u00edgenas tiveram um papel importante na transforma\u00e7\u00e3o da natureza ao longo dos mil\u00eanios e na forma\u00e7\u00e3o da Amaz\u00f4nia que conhecemos.<\/p>\n<p>Atualmente est\u00e1 estabelecido que a Amaz\u00f4nia foi um centro independente de domestica\u00e7\u00e3o e cultivo de plantas, da mesma forma que pesquisas feitas na Bol\u00edvia, no Brasil e no Equador trazem evid\u00eancias de urbanismo em uma escala que ainda precisa ser melhor compreendida. No entanto, \u00e0 medida que o conhecimento arqueol\u00f3gico cresceu exponencialmente, tamb\u00e9m cresceram as amea\u00e7as que a Amaz\u00f4nia e seus povos enfrentam. S\u00f3 no Brasil, quase 20% da cobertura florestal foi perdida nos \u00faltimos 40 anos. A confer\u00eancia trar\u00e1 um balan\u00e7o de resultados de estudos recentes e apresentar\u00e1 as iniciativas da comunidade arqueol\u00f3gica brasileira para fazer frente a essas amea\u00e7as.<\/p>\n<p>Professor titular de Arqueologia Brasileira e diretor do Museu de Arqueologia e Etnologia da Universidade de S\u00e3o Paulo (MAE-USP), pesquisador 1A do CNPq. Graduado em Hist\u00f3ria pela FFLCH-USP e doutor em Antropologia pela Universidade de Indiana. \u00c9 coordenador do Laborat\u00f3rio de Arqueologia dos Tr\u00f3picos do MAE-USP. Foi professor visitante da CAPES Harvard no Departamento de Antropologia da Universidade Harvard, coordenador-adjunto da \u00e1rea de Arqueologia da CAPES e presidente da Sociedade de Arqueologia Brasileira.<\/p>\n<p><strong>Modera\u00e7\u00e3o<\/strong>:\u00a0<a href=\"https:\/\/bv.fapesp.br\/pt\/pesquisador\/33833\/maria-de-fatima-morethy-couto\/\">Maria de F\u00e1tima Morethy Couto<\/a>, Universidade Estadual de Campinas (UNICAMP)<\/p>\n<p>Programa\u00e7\u00e3o:<\/p>\n<table class=\"table\" border=\"0\" cellspacing=\"1\" cellpadding=\"1\">\n<tbody>\n<tr>\n<td>09h30<\/td>\n<td width=\"90%\"><b>Credenciamento<\/b><\/td>\n<\/tr>\n<tr>\n<td align=\"top\" width=\"10%\">10h00<\/td>\n<td width=\"90%\"><strong>Abertura<\/strong><\/td>\n<\/tr>\n<tr>\n<td width=\"10%\">10h10<\/td>\n<td width=\"90%\"><strong>Confer\u00eancia<\/strong><\/td>\n<\/tr>\n<tr>\n<td width=\"10%\">11h00<\/td>\n<td width=\"90%\"><strong>Perguntas e respostas<\/strong><\/td>\n<\/tr>\n<tr>\n<td width=\"10%\">11h30<\/td>\n<td width=\"90%\"><strong>Encerramento<\/strong><\/td>\n<\/tr>\n<\/tbody>\n<\/table>\n<p>&nbsp;<\/p>\n<p>Para se inscrever, acesse o link:<a href=\"https:\/\/fapesp.br\/eventos\/2conf2024_inscricao\"> https:\/\/fapesp.br\/eventos\/2conf2024_inscricao<\/a><\/p>\n","protected":false},"excerpt":{"rendered":"<p>O Presidente da FAPESP, Marco Antonio Zago, te convida para a confer\u00eancia de Eduardo Neves, diretor do Museu de Arqueologia e Etnologia da Universidade de S\u00e3o Paulo ( MAE-USP). A arqueologia amaz\u00f4nica mudou muito nos \u00faltimos vinte anos. Ao final da d\u00e9cada de 1990 o principal tema de discuss\u00e3o era se a Amaz\u00f4nia era densamente povoada no passado. Hoje \u00e9 aceito que as ocupa\u00e7\u00f5es antigas dos povos ind\u00edgenas tiveram um papel importante na transforma\u00e7\u00e3o da natureza ao longo dos mil\u00eanios e na forma\u00e7\u00e3o da Amaz\u00f4nia que conhecemos. Atualmente est\u00e1 estabelecido que a Amaz\u00f4nia foi um centro independente de domestica\u00e7\u00e3o e cultivo de plantas, da mesma forma que pesquisas feitas na Bol\u00edvia, no Brasil e no Equador trazem evid\u00eancias de urbanismo em uma escala que ainda precisa ser melhor compreendida. No entanto, \u00e0 medida que o conhecimento arqueol\u00f3gico cresceu exponencialmente, tamb\u00e9m cresceram as amea\u00e7as que a Amaz\u00f4nia e seus povos enfrentam. S\u00f3 no Brasil, quase 20% da cobertura florestal foi perdida nos \u00faltimos 40 anos. A confer\u00eancia trar\u00e1 um balan\u00e7o de resultados de estudos recentes e apresentar\u00e1 as iniciativas da comunidade arqueol\u00f3gica brasileira para fazer frente a essas amea\u00e7as. Professor titular de Arqueologia Brasileira e diretor do Museu de Arqueologia e Etnologia da Universidade de S\u00e3o Paulo (MAE-USP), pesquisador 1A do CNPq. Graduado em Hist\u00f3ria pela FFLCH-USP e doutor em Antropologia pela Universidade de Indiana. \u00c9 coordenador do Laborat\u00f3rio de Arqueologia dos Tr\u00f3picos do MAE-USP. Foi professor visitante da CAPES Harvard no Departamento de Antropologia da Universidade Harvard, coordenador-adjunto da \u00e1rea de Arqueologia da CAPES e presidente da Sociedade de Arqueologia Brasileira. Modera\u00e7\u00e3o:\u00a0Maria de F\u00e1tima Morethy Couto, Universidade Estadual de Campinas (UNICAMP) Programa\u00e7\u00e3o: 09h30 Credenciamento 10h00 Abertura 10h10 Confer\u00eancia 11h00 Perguntas e respostas 11h30 Encerramento &nbsp; Para se inscrever, acesse o link: https:\/\/fapesp.br\/eventos\/2conf2024_inscricao<\/p>\n","protected":false},"author":1,"featured_media":5746,"comment_status":"closed","ping_status":"open","sticky":false,"template":"","format":"standard","meta":{"site-sidebar-layout":"default","site-content-layout":"","ast-site-content-layout":"default","site-content-style":"default","site-sidebar-style":"default","ast-global-header-display":"","ast-banner-title-visibility":"","ast-main-header-display":"","ast-hfb-above-header-display":"","ast-hfb-below-header-display":"","ast-hfb-mobile-header-display":"","site-post-title":"","ast-breadcrumbs-content":"","ast-featured-img":"","footer-sml-layout":"","theme-transparent-header-meta":"","adv-header-id-meta":"","stick-header-meta":"","header-above-stick-meta":"","header-main-stick-meta":"","header-below-stick-meta":"","astra-migrate-meta-layouts":"default","ast-page-background-enabled":"default","ast-page-background-meta":{"desktop":{"background-color":"var(--ast-global-color-5)","background-image":"","background-repeat":"repeat","background-position":"center center","background-size":"auto","background-attachment":"scroll","background-type":"","background-media":"","overlay-type":"","overlay-color":"","overlay-opacity":"","overlay-gradient":""},"tablet":{"background-color":"","background-image":"","background-repeat":"repeat","background-position":"center center","background-size":"auto","background-attachment":"scroll","background-type":"","background-media":"","overlay-type":"","overlay-color":"","overlay-opacity":"","overlay-gradient":""},"mobile":{"background-color":"","background-image":"","background-repeat":"repeat","background-position":"center center","background-size":"auto","background-attachment":"scroll","background-type":"","background-media":"","overlay-type":"","overlay-color":"","overlay-opacity":"","overlay-gradient":""}},"ast-content-background-meta":{"desktop":{"background-color":"var(--ast-global-color-4)","background-image":"","background-repeat":"repeat","background-position":"center center","background-size":"auto","background-attachment":"scroll","background-type":"","background-media":"","overlay-type":"","overlay-color":"","overlay-opacity":"","overlay-gradient":""},"tablet":{"background-color":"var(--ast-global-color-4)","background-image":"","background-repeat":"repeat","background-position":"center center","background-size":"auto","background-attachment":"scroll","background-type":"","background-media":"","overlay-type":"","overlay-color":"","overlay-opacity":"","overlay-gradient":""},"mobile":{"background-color":"var(--ast-global-color-4)","background-image":"","background-repeat":"repeat","background-position":"center center","background-size":"auto","background-attachment":"scroll","background-type":"","background-media":"","overlay-type":"","overlay-color":"","overlay-opacity":"","overlay-gradient":""}},"footnotes":""},"categories":[117,123],"tags":[],"class_list":["post-5743","post","type-post","status-publish","format-standard","has-post-thumbnail","hentry","category-eventos-realizados","category-sustentabilidade"],"_links":{"self":[{"href":"https:\/\/clientes.jusanalytics.com.br\/professor\/wp-json\/wp\/v2\/posts\/5743","targetHints":{"allow":["GET"]}}],"collection":[{"href":"https:\/\/clientes.jusanalytics.com.br\/professor\/wp-json\/wp\/v2\/posts"}],"about":[{"href":"https:\/\/clientes.jusanalytics.com.br\/professor\/wp-json\/wp\/v2\/types\/post"}],"author":[{"embeddable":true,"href":"https:\/\/clientes.jusanalytics.com.br\/professor\/wp-json\/wp\/v2\/users\/1"}],"replies":[{"embeddable":true,"href":"https:\/\/clientes.jusanalytics.com.br\/professor\/wp-json\/wp\/v2\/comments?post=5743"}],"version-history":[{"count":0,"href":"https:\/\/clientes.jusanalytics.com.br\/professor\/wp-json\/wp\/v2\/posts\/5743\/revisions"}],"wp:featuredmedia":[{"embeddable":true,"href":"https:\/\/clientes.jusanalytics.com.br\/professor\/wp-json\/wp\/v2\/media\/5746"}],"wp:attachment":[{"href":"https:\/\/clientes.jusanalytics.com.br\/professor\/wp-json\/wp\/v2\/media?parent=5743"}],"wp:term":[{"taxonomy":"category","embeddable":true,"href":"https:\/\/clientes.jusanalytics.com.br\/professor\/wp-json\/wp\/v2\/categories?post=5743"},{"taxonomy":"post_tag","embeddable":true,"href":"https:\/\/clientes.jusanalytics.com.br\/professor\/wp-json\/wp\/v2\/tags?post=5743"}],"curies":[{"name":"wp","href":"https:\/\/api.w.org\/{rel}","templated":true}]}}