{"id":5636,"date":"2023-07-18T11:40:24","date_gmt":"2023-07-18T14:40:24","guid":{"rendered":"https:\/\/www.professorvladmirsilveira.com.br\/\/?p=5636"},"modified":"2023-07-18T11:40:24","modified_gmt":"2023-07-18T14:40:24","slug":"xx-congresso-internacional-de-direitos-humanos","status":"publish","type":"post","link":"https:\/\/clientes.jusanalytics.com.br\/professor\/2023\/07\/18\/xx-congresso-internacional-de-direitos-humanos\/","title":{"rendered":"XX Congresso Internacional de Direitos Humanos"},"content":{"rendered":"<p>Convidamos a todos\/as para participarem, inscrevendo seus trabalhos\/resumos, no XX Congresso Internacional de Direitos Humanos (XX CIDH\/2023), que realizar-se-\u00e1 entre os dias 24 a 27 de outubro de 2023, na Universidade Federal de Mato Grosso do Sul (UFMS) \u2013 Campo Grande \u2013 MS\/BRASIL. O Congresso ser\u00e1 realizado no hor\u00e1rio de Mato Grosso do Sul (1 hora a menos de Bras\u00edlia\/DF).<\/p>\n<h2>Objetivo geral<\/h2>\n<p>Incentivar a reflex\u00e3o acad\u00eamica para a\u00e7\u00f5es diretamente ligadas aos Direitos Humanos e Educa\u00e7\u00e3o em Direitos Humanos, instigando a busca pela defesa e prote\u00e7\u00e3o da Democracia no Brasil e no mundo e contribuir para fortalecer a sustentabilidade social, ambiental e econ\u00f4mica que atenda \u00e0s necessidades das gera\u00e7\u00f5es presentes e futuras na sociedade brasileira.<\/p>\n<h2>Objetivos espec\u00edficos:<\/h2>\n<ul>\n<li>Estimular reflex\u00f5es, apresenta\u00e7\u00f5es e pesquisas que busquem a troca de experi\u00eancias na tem\u00e1tica dos Direitos Humanos e Educa\u00e7\u00e3o em Direitos Humanos;<\/li>\n<li>Proporcionar a apresenta\u00e7\u00e3o acad\u00eamica das pr\u00e1ticas dos Direitos Humanos e Educa\u00e7\u00e3o em Direitos Humanos nas diversas regi\u00f5es do pa\u00eds;<\/li>\n<li>Abrir espa\u00e7o para que estudantes das IES do Estado e de outras regi\u00f5es do Brasil e de fora do pa\u00eds participem dos debates e apresentem trabalhos acerca dos Direitos Humanos e Educa\u00e7\u00e3o em Direitos Humanos;<\/li>\n<li>Contribuir academicamente para a constru\u00e7\u00e3o de uma cultura dos Direitos Humanos e Educa\u00e7\u00e3o em Direitos Humanos;<\/li>\n<li>Publicar os anais do evento.<\/li>\n<\/ul>\n<h2>Grupos Tem\u00e1ticos:<\/h2>\n<ol>\n<li>Direitos Humanos e Igualdade de G\u00eanero;<\/li>\n<li>Direitos Humanos, Autonomia dos Povos Tradicionais e Origin\u00e1rios;<\/li>\n<li>Direitos Humanos e Pol\u00edticas P\u00fablicas;<\/li>\n<li>Educa\u00e7\u00e3o em Direitos Humanos e Inclus\u00e3o;<\/li>\n<li>Direitos Fundamentais, Democracia e Desenvolvimento Sustent\u00e1vel;<\/li>\n<li>Direitos Humanos, Estado, Fronteiras e Migra\u00e7\u00f5es;<\/li>\n<li>Direitos Humanos, Trabalho, Seguridade e Justi\u00e7a Social;<\/li>\n<li>Direitos Humanos, Direito Penal e Criminologia;<\/li>\n<li>Direitos Humanos, Desenvolvimento Local e Sustentabilidade;<\/li>\n<li>Direitos Humanos, Vulnerabilidades, Interseccionalidades e Discrimina\u00e7\u00e3o;<\/li>\n<li>Direitos Humanos, DESCA e a Agenda 2030;<\/li>\n<li>Direitos Humanos, Democracia e Sustentabilidade.<\/li>\n<\/ol>\n<h2>Local:<\/h2>\n<p>Universidade Federal de Mato Grosso do Sul, Campo Grande \u2013 MS. Cidade Universit\u00e1ria, Av. Costa e Silva \u2013 Bairro universit\u00e1rio Audit\u00f3rio 2 \u2013 Complexo Multiuso<\/p>\n<h2>Realiza\u00e7\u00e3o:<\/h2>\n<p>Universidade Federal de Mato Grosso do Sul (UFMS), Universidade Cat\u00f3lica Dom Bosco (UCDB), Instituto de Direitos Humanos de Mato Grosso do Sul Jos\u00e9 do Nascimento (IDHMS.JN) e F\u00f3rum Internacional Ibero-Americano de Direitos Humanos (FIIDH).<\/p>\n<h2>CRONOGRAMA DE DATAS:<\/h2>\n<p>At\u00e9 o dia <strong>24\/10\/2023<\/strong>: Inscri\u00e7\u00e3o para o evento<br \/>\n<strong>10\/05\/2023 \u2013 25\/09\/2023<\/strong>: Prazo para submiss\u00f5es<br \/>\n<strong>09\/10\/2023<\/strong>: Divulga\u00e7\u00e3o do resultado dos resumos aprovados<br \/>\n<strong>24\/10\/2023 \u2013 27\/10\/2023<\/strong>: XX Congresso Internacional de Direitos Humanos<br \/>\n<strong>Fevereiro de 2024<\/strong>: Publica\u00e7\u00e3o nos anais<\/p>\n<h2>INSCRI\u00c7\u00d5ES e MODALIDADES DE PARTICIPA\u00c7\u00c3O:<\/h2>\n<p style=\"text-align: center;\"><a href=\"http:\/\/www.even3.com.br\/xxcidh2023\/\"><strong>Ser\u00e3o realizadas exclusivamente online acessando a plataforma Even3 por meio do link<\/strong><\/a><\/p>\n<p style=\"text-align: center;\"><strong><a href=\"https:\/\/www.idhmsjn.org\/institutodedireitoshumanos\">Ademais, informa\u00e7\u00f5es sobre o evento podem ser encontradas no site do Instituto de Direitos Humanos de Mato Grosso do Sul \u2013 IDHMS, pelo link<\/a><\/strong><\/p>\n<p>As inscri\u00e7\u00f5es ser\u00e3o realizadas at\u00e9 o dia 24\/10\/2023, conforme valores abaixo informados:<\/p>\n<ul>\n<li><strong>Participante Graduado e Graduandos: R$ 30,00<\/strong><\/li>\n<li><strong>Participante Docente: R$ 50,00<\/strong><\/li>\n<li><strong>Participante P\u00f3s Graduados e P\u00f3s Graduandos: R$ 40,00<\/strong><\/li>\n<\/ul>\n<p>Est\u00e3o isentos do pagamento da taxa de inscri\u00e7\u00e3o os associados do IDHMS. JN quites com a anuidade de 2023; professores do ensino fundamental e m\u00e9dio de escolas p\u00fablicas e privadas; professores organizadores do evento da UFMS, UCDB e demais IES que trabalharem na organiza\u00e7\u00e3o do evento, nas comiss\u00f5es, que assinarem o termo de compromisso e seguirem os PROTOCOLOS de a\u00e7\u00f5es para o XX CIDH 2023.<\/p>\n<p>&nbsp;<\/p>\n<p>Fonte: Comiss\u00e3o Organizadora XX CIDH\/2023<\/p>\n","protected":false},"excerpt":{"rendered":"<p>Convidamos a todos\/as para participarem, inscrevendo seus trabalhos\/resumos, no XX Congresso Internacional de Direitos Humanos (XX CIDH\/2023), que realizar-se-\u00e1 entre os dias 24 a 27 de outubro de 2023, na Universidade Federal de Mato Grosso do Sul (UFMS) \u2013 Campo Grande \u2013 MS\/BRASIL. O Congresso ser\u00e1 realizado no hor\u00e1rio de Mato Grosso do Sul (1 hora a menos de Bras\u00edlia\/DF). Objetivo geral Incentivar a reflex\u00e3o acad\u00eamica para a\u00e7\u00f5es diretamente ligadas aos Direitos Humanos e Educa\u00e7\u00e3o em Direitos Humanos, instigando a busca pela defesa e prote\u00e7\u00e3o da Democracia no Brasil e no mundo e contribuir para fortalecer a sustentabilidade social, ambiental e econ\u00f4mica que atenda \u00e0s necessidades das gera\u00e7\u00f5es presentes e futuras na sociedade brasileira. Objetivos espec\u00edficos: Estimular reflex\u00f5es, apresenta\u00e7\u00f5es e pesquisas que busquem a troca de experi\u00eancias na tem\u00e1tica dos Direitos Humanos e Educa\u00e7\u00e3o em Direitos Humanos; Proporcionar a apresenta\u00e7\u00e3o acad\u00eamica das pr\u00e1ticas dos Direitos Humanos e Educa\u00e7\u00e3o em Direitos Humanos nas diversas regi\u00f5es do pa\u00eds; Abrir espa\u00e7o para que estudantes das IES do Estado e de outras regi\u00f5es do Brasil e de fora do pa\u00eds participem dos debates e apresentem trabalhos acerca dos Direitos Humanos e Educa\u00e7\u00e3o em Direitos Humanos; Contribuir academicamente para a constru\u00e7\u00e3o de uma cultura dos Direitos Humanos e Educa\u00e7\u00e3o em Direitos Humanos; Publicar os anais do evento. Grupos Tem\u00e1ticos: Direitos Humanos e Igualdade de G\u00eanero; Direitos Humanos, Autonomia dos Povos Tradicionais e Origin\u00e1rios; Direitos Humanos e Pol\u00edticas P\u00fablicas; Educa\u00e7\u00e3o em Direitos Humanos e Inclus\u00e3o; Direitos Fundamentais, Democracia e Desenvolvimento Sustent\u00e1vel; Direitos Humanos, Estado, Fronteiras e Migra\u00e7\u00f5es; Direitos Humanos, Trabalho, Seguridade e Justi\u00e7a Social; Direitos Humanos, Direito Penal e Criminologia; Direitos Humanos, Desenvolvimento Local e Sustentabilidade; Direitos Humanos, Vulnerabilidades, Interseccionalidades e Discrimina\u00e7\u00e3o; Direitos Humanos, DESCA e a Agenda 2030; Direitos Humanos, Democracia e Sustentabilidade. Local: Universidade Federal de Mato Grosso do Sul, Campo Grande \u2013 MS. Cidade Universit\u00e1ria, Av. Costa e Silva \u2013 Bairro universit\u00e1rio Audit\u00f3rio 2 \u2013 Complexo Multiuso Realiza\u00e7\u00e3o: Universidade Federal de Mato Grosso do Sul (UFMS), Universidade Cat\u00f3lica Dom Bosco (UCDB), Instituto de Direitos Humanos de Mato Grosso do Sul Jos\u00e9 do Nascimento (IDHMS.JN) e F\u00f3rum Internacional Ibero-Americano de Direitos Humanos (FIIDH). CRONOGRAMA DE DATAS: At\u00e9 o dia 24\/10\/2023: Inscri\u00e7\u00e3o para o evento 10\/05\/2023 \u2013 25\/09\/2023: Prazo para submiss\u00f5es 09\/10\/2023: Divulga\u00e7\u00e3o do resultado dos resumos aprovados 24\/10\/2023 \u2013 27\/10\/2023: XX Congresso Internacional de Direitos Humanos Fevereiro de 2024: Publica\u00e7\u00e3o nos anais INSCRI\u00c7\u00d5ES e MODALIDADES DE PARTICIPA\u00c7\u00c3O: Ser\u00e3o realizadas exclusivamente online acessando a plataforma Even3 por meio do link Ademais, informa\u00e7\u00f5es sobre o evento podem ser encontradas no site do Instituto de Direitos Humanos de Mato Grosso do Sul \u2013 IDHMS, pelo link As inscri\u00e7\u00f5es ser\u00e3o realizadas at\u00e9 o dia 24\/10\/2023, conforme valores abaixo informados: Participante Graduado e Graduandos: R$ 30,00 Participante Docente: R$ 50,00 Participante P\u00f3s Graduados e P\u00f3s Graduandos: R$ 40,00 Est\u00e3o isentos do pagamento da taxa de inscri\u00e7\u00e3o os associados do IDHMS. JN quites com a anuidade de 2023; professores do ensino fundamental e m\u00e9dio de escolas p\u00fablicas e privadas; professores organizadores do evento da UFMS, UCDB e demais IES que trabalharem na organiza\u00e7\u00e3o do evento, nas comiss\u00f5es, que assinarem o termo de compromisso e seguirem os PROTOCOLOS de a\u00e7\u00f5es para o XX CIDH 2023. &nbsp; Fonte: Comiss\u00e3o Organizadora XX CIDH\/2023<\/p>\n","protected":false},"author":1,"featured_media":5637,"comment_status":"closed","ping_status":"open","sticky":false,"template":"","format":"standard","meta":{"site-sidebar-layout":"default","site-content-layout":"","ast-site-content-layout":"default","site-content-style":"default","site-sidebar-style":"default","ast-global-header-display":"","ast-banner-title-visibility":"","ast-main-header-display":"","ast-hfb-above-header-display":"","ast-hfb-below-header-display":"","ast-hfb-mobile-header-display":"","site-post-title":"","ast-breadcrumbs-content":"","ast-featured-img":"","footer-sml-layout":"","theme-transparent-header-meta":"","adv-header-id-meta":"","stick-header-meta":"","header-above-stick-meta":"","header-main-stick-meta":"","header-below-stick-meta":"","astra-migrate-meta-layouts":"default","ast-page-background-enabled":"default","ast-page-background-meta":{"desktop":{"background-color":"var(--ast-global-color-5)","background-image":"","background-repeat":"repeat","background-position":"center center","background-size":"auto","background-attachment":"scroll","background-type":"","background-media":"","overlay-type":"","overlay-color":"","overlay-opacity":"","overlay-gradient":""},"tablet":{"background-color":"","background-image":"","background-repeat":"repeat","background-position":"center center","background-size":"auto","background-attachment":"scroll","background-type":"","background-media":"","overlay-type":"","overlay-color":"","overlay-opacity":"","overlay-gradient":""},"mobile":{"background-color":"","background-image":"","background-repeat":"repeat","background-position":"center center","background-size":"auto","background-attachment":"scroll","background-type":"","background-media":"","overlay-type":"","overlay-color":"","overlay-opacity":"","overlay-gradient":""}},"ast-content-background-meta":{"desktop":{"background-color":"var(--ast-global-color-4)","background-image":"","background-repeat":"repeat","background-position":"center center","background-size":"auto","background-attachment":"scroll","background-type":"","background-media":"","overlay-type":"","overlay-color":"","overlay-opacity":"","overlay-gradient":""},"tablet":{"background-color":"var(--ast-global-color-4)","background-image":"","background-repeat":"repeat","background-position":"center center","background-size":"auto","background-attachment":"scroll","background-type":"","background-media":"","overlay-type":"","overlay-color":"","overlay-opacity":"","overlay-gradient":""},"mobile":{"background-color":"var(--ast-global-color-4)","background-image":"","background-repeat":"repeat","background-position":"center center","background-size":"auto","background-attachment":"scroll","background-type":"","background-media":"","overlay-type":"","overlay-color":"","overlay-opacity":"","overlay-gradient":""}},"footnotes":""},"categories":[1],"tags":[],"class_list":["post-5636","post","type-post","status-publish","format-standard","has-post-thumbnail","hentry","category-sem-categoria"],"_links":{"self":[{"href":"https:\/\/clientes.jusanalytics.com.br\/professor\/wp-json\/wp\/v2\/posts\/5636","targetHints":{"allow":["GET"]}}],"collection":[{"href":"https:\/\/clientes.jusanalytics.com.br\/professor\/wp-json\/wp\/v2\/posts"}],"about":[{"href":"https:\/\/clientes.jusanalytics.com.br\/professor\/wp-json\/wp\/v2\/types\/post"}],"author":[{"embeddable":true,"href":"https:\/\/clientes.jusanalytics.com.br\/professor\/wp-json\/wp\/v2\/users\/1"}],"replies":[{"embeddable":true,"href":"https:\/\/clientes.jusanalytics.com.br\/professor\/wp-json\/wp\/v2\/comments?post=5636"}],"version-history":[{"count":0,"href":"https:\/\/clientes.jusanalytics.com.br\/professor\/wp-json\/wp\/v2\/posts\/5636\/revisions"}],"wp:featuredmedia":[{"embeddable":true,"href":"https:\/\/clientes.jusanalytics.com.br\/professor\/wp-json\/wp\/v2\/media\/5637"}],"wp:attachment":[{"href":"https:\/\/clientes.jusanalytics.com.br\/professor\/wp-json\/wp\/v2\/media?parent=5636"}],"wp:term":[{"taxonomy":"category","embeddable":true,"href":"https:\/\/clientes.jusanalytics.com.br\/professor\/wp-json\/wp\/v2\/categories?post=5636"},{"taxonomy":"post_tag","embeddable":true,"href":"https:\/\/clientes.jusanalytics.com.br\/professor\/wp-json\/wp\/v2\/tags?post=5636"}],"curies":[{"name":"wp","href":"https:\/\/api.w.org\/{rel}","templated":true}]}}