{"id":5615,"date":"2023-07-17T15:03:07","date_gmt":"2023-07-17T18:03:07","guid":{"rendered":"https:\/\/www.professorvladmirsilveira.com.br\/\/?p=5615"},"modified":"2023-07-17T15:03:07","modified_gmt":"2023-07-17T18:03:07","slug":"vagas-para-professor-adjunto-da-faculdade-de-direito-da-ufc","status":"publish","type":"post","link":"https:\/\/clientes.jusanalytics.com.br\/professor\/2023\/07\/17\/vagas-para-professor-adjunto-da-faculdade-de-direito-da-ufc\/","title":{"rendered":"Vagas para Professor Adjunto da Faculdade de Direito da UFC"},"content":{"rendered":"<p>O Vice &#8211; Reitor da Universidade Federal do Cear\u00e1, no uso de suas obriga\u00e7\u00f5es legais e estatut\u00e1rias, tendo em vista o disposto no Decreto n\u00ba 7.485 de 18\/05\/2011, publicado no DOU de 19\/05\/2011, e na Portaria Interministerial n\u00ba 316 de 09\/10\/2017, publicada no DOU de 19\/10\/2017, do Minist\u00e9rio do Planejamento, Desenvolvimento e Gest\u00e3o e do Minist\u00e9rio da Educa\u00e7\u00e3o, considerando ainda, o que consta do Decreto n\u00ba 9.739 de 28\/03\/2019, publicado no DOU de 29\/03\/2019 e da Resolu\u00e7\u00e3o n\u00ba 05\/CEPE de 24\/07\/2019, alterada pela Resolu\u00e7\u00e3o n\u00ba 15\/CEPE de 24\/05\/2021, torna p\u00fablico, para conhecimento dos interessados, que se acham abertas as inscri\u00e7\u00f5es para Concurso P\u00fablico para o cargo de Professor da Carreira do Magist\u00e9rio Superior, Classe A, regido pela Lei n\u00ba 8.112\/90, combinada com a Lei n\u00ba 12.772\/2012, para os campi, setores de estudo e vagas a seguir indicados.<\/p>\n<p>&nbsp;<\/p>\n<p style=\"text-align: center;\"><a href=\"https:\/\/www.professorvladmirsilveira.com.br\/\/wp-content\/uploads\/2023\/07\/ed_90_edital.pdf\"><strong>Clique aqui para ler o edital completo<\/strong><\/a><\/p>\n<p>&nbsp;<\/p>\n","protected":false},"excerpt":{"rendered":"<p>O Vice &#8211; Reitor da Universidade Federal do Cear\u00e1, no uso de suas obriga\u00e7\u00f5es legais e estatut\u00e1rias, tendo em vista o disposto no Decreto n\u00ba 7.485 de 18\/05\/2011, publicado no DOU de 19\/05\/2011, e na Portaria Interministerial n\u00ba 316 de 09\/10\/2017, publicada no DOU de 19\/10\/2017, do Minist\u00e9rio do Planejamento, Desenvolvimento e Gest\u00e3o e do Minist\u00e9rio da Educa\u00e7\u00e3o, considerando ainda, o que consta do Decreto n\u00ba 9.739 de 28\/03\/2019, publicado no DOU de 29\/03\/2019 e da Resolu\u00e7\u00e3o n\u00ba 05\/CEPE de 24\/07\/2019, alterada pela Resolu\u00e7\u00e3o n\u00ba 15\/CEPE de 24\/05\/2021, torna p\u00fablico, para conhecimento dos interessados, que se acham abertas as inscri\u00e7\u00f5es para Concurso P\u00fablico para o cargo de Professor da Carreira do Magist\u00e9rio Superior, Classe A, regido pela Lei n\u00ba 8.112\/90, combinada com a Lei n\u00ba 12.772\/2012, para os campi, setores de estudo e vagas a seguir indicados. &nbsp; Clique aqui para ler o edital completo &nbsp;<\/p>\n","protected":false},"author":1,"featured_media":5617,"comment_status":"closed","ping_status":"open","sticky":false,"template":"","format":"standard","meta":{"site-sidebar-layout":"default","site-content-layout":"","ast-site-content-layout":"default","site-content-style":"default","site-sidebar-style":"default","ast-global-header-display":"","ast-banner-title-visibility":"","ast-main-header-display":"","ast-hfb-above-header-display":"","ast-hfb-below-header-display":"","ast-hfb-mobile-header-display":"","site-post-title":"","ast-breadcrumbs-content":"","ast-featured-img":"","footer-sml-layout":"","theme-transparent-header-meta":"","adv-header-id-meta":"","stick-header-meta":"","header-above-stick-meta":"","header-main-stick-meta":"","header-below-stick-meta":"","astra-migrate-meta-layouts":"default","ast-page-background-enabled":"default","ast-page-background-meta":{"desktop":{"background-color":"var(--ast-global-color-5)","background-image":"","background-repeat":"repeat","background-position":"center center","background-size":"auto","background-attachment":"scroll","background-type":"","background-media":"","overlay-type":"","overlay-color":"","overlay-opacity":"","overlay-gradient":""},"tablet":{"background-color":"","background-image":"","background-repeat":"repeat","background-position":"center center","background-size":"auto","background-attachment":"scroll","background-type":"","background-media":"","overlay-type":"","overlay-color":"","overlay-opacity":"","overlay-gradient":""},"mobile":{"background-color":"","background-image":"","background-repeat":"repeat","background-position":"center center","background-size":"auto","background-attachment":"scroll","background-type":"","background-media":"","overlay-type":"","overlay-color":"","overlay-opacity":"","overlay-gradient":""}},"ast-content-background-meta":{"desktop":{"background-color":"var(--ast-global-color-4)","background-image":"","background-repeat":"repeat","background-position":"center center","background-size":"auto","background-attachment":"scroll","background-type":"","background-media":"","overlay-type":"","overlay-color":"","overlay-opacity":"","overlay-gradient":""},"tablet":{"background-color":"var(--ast-global-color-4)","background-image":"","background-repeat":"repeat","background-position":"center center","background-size":"auto","background-attachment":"scroll","background-type":"","background-media":"","overlay-type":"","overlay-color":"","overlay-opacity":"","overlay-gradient":""},"mobile":{"background-color":"var(--ast-global-color-4)","background-image":"","background-repeat":"repeat","background-position":"center center","background-size":"auto","background-attachment":"scroll","background-type":"","background-media":"","overlay-type":"","overlay-color":"","overlay-opacity":"","overlay-gradient":""}},"footnotes":""},"categories":[48],"tags":[],"class_list":["post-5615","post","type-post","status-publish","format-standard","has-post-thumbnail","hentry","category-oportunidades"],"_links":{"self":[{"href":"https:\/\/clientes.jusanalytics.com.br\/professor\/wp-json\/wp\/v2\/posts\/5615","targetHints":{"allow":["GET"]}}],"collection":[{"href":"https:\/\/clientes.jusanalytics.com.br\/professor\/wp-json\/wp\/v2\/posts"}],"about":[{"href":"https:\/\/clientes.jusanalytics.com.br\/professor\/wp-json\/wp\/v2\/types\/post"}],"author":[{"embeddable":true,"href":"https:\/\/clientes.jusanalytics.com.br\/professor\/wp-json\/wp\/v2\/users\/1"}],"replies":[{"embeddable":true,"href":"https:\/\/clientes.jusanalytics.com.br\/professor\/wp-json\/wp\/v2\/comments?post=5615"}],"version-history":[{"count":0,"href":"https:\/\/clientes.jusanalytics.com.br\/professor\/wp-json\/wp\/v2\/posts\/5615\/revisions"}],"wp:featuredmedia":[{"embeddable":true,"href":"https:\/\/clientes.jusanalytics.com.br\/professor\/wp-json\/wp\/v2\/media\/5617"}],"wp:attachment":[{"href":"https:\/\/clientes.jusanalytics.com.br\/professor\/wp-json\/wp\/v2\/media?parent=5615"}],"wp:term":[{"taxonomy":"category","embeddable":true,"href":"https:\/\/clientes.jusanalytics.com.br\/professor\/wp-json\/wp\/v2\/categories?post=5615"},{"taxonomy":"post_tag","embeddable":true,"href":"https:\/\/clientes.jusanalytics.com.br\/professor\/wp-json\/wp\/v2\/tags?post=5615"}],"curies":[{"name":"wp","href":"https:\/\/api.w.org\/{rel}","templated":true}]}}