{"id":5288,"date":"2022-11-18T13:41:54","date_gmt":"2022-11-18T16:41:54","guid":{"rendered":"https:\/\/www.professorvladmirsilveira.com.br\/\/?p=5288"},"modified":"2022-11-18T13:41:54","modified_gmt":"2022-11-18T16:41:54","slug":"mestrado-em-letras-abre-590-vagas-em-todo-o-pais","status":"publish","type":"post","link":"https:\/\/clientes.jusanalytics.com.br\/professor\/2022\/11\/18\/mestrado-em-letras-abre-590-vagas-em-todo-o-pais\/","title":{"rendered":"Mestrado em Letras abre 590 vagas em todo o Pa\u00eds"},"content":{"rendered":"<p><strong>Professores de L\u00edngua Portuguesa podem se inscrever de 14 de novembro a 15 de dezembro\u00a0<\/strong><\/p>\n<p>O Mestrado Profissional em Letras em Rede Nacional (ProfLetras) recebe inscri\u00e7\u00f5es de 14 de novembro a 15 de dezembro. S\u00e3o 590 vagas destinadas a professores de L\u00edngua Portuguesa em exerc\u00edcio no ensino fundamental da rede p\u00fablica de todo o Brasil. O resultado final da sele\u00e7\u00e3o ser\u00e1 divulgado a partir de 06 de mar\u00e7o do pr\u00f3ximo ano.<\/p>\n<p>O exame nacional de acesso ao ProfLetras \u00e9 executado pelo N\u00facleo Permanente de Concursos (Comperve) da Universidade Federal do Rio Grande do Norte (UFRN), coordenadora nacional do Programa. Para concorrer, al\u00e9m de preencher os requisitos exigidos no\u00a0<strong><a href=\"http:\/\/www.comperve.ufrn.br\/conteudo\/posgraduacao\/profletras\/202201\/documentos\/edital_20221103.pdf\">edital<\/a>\u00a0<\/strong>e o formul\u00e1rio de inscri\u00e7\u00e3o, \u00a0dispon\u00edvel no\u00a0<strong><a href=\"http:\/\/www.comperve.ufrn.br\/\">site\u00a0do Comperve<\/a><\/strong>, os interessados devem pagar uma taxa de R$150.<\/p>\n<p>O ProfLetras conta com 49 institui\u00e7\u00f5es de ensino superior associadas e \u00e9 uma das doze sele\u00e7\u00f5es autorizadas para a Chamada 2022\/2023 do Programa de Mestrado Profissional para Professores da Educa\u00e7\u00e3o B\u00e1sica (<strong><a href=\"https:\/\/www.gov.br\/capes\/pt-br\/acesso-a-informacao\/acoes-e-programas\/educacao-a-distancia\/proeb\">ProEB<\/a><\/strong>) da CAPES.<\/p>\n<p><strong>ProEB:<\/strong><\/p>\n<p>Para melhorar a qualidade do ensino nas escolas da educa\u00e7\u00e3o b\u00e1sica p\u00fablica brasileira, o\u00a0<a href=\"https:\/\/www.gov.br\/capes\/pt-br\/acesso-a-informacao\/acoes-e-programas\/educacao-a-distancia\/proeb\"><strong>ProEB\u00a0<\/strong><\/a>promove a forma\u00e7\u00e3o continuada de professores, no n\u00edvel de p\u00f3s-gradua\u00e7\u00e3o<em>\u00a0stricto sensu<\/em>. Al\u00e9m disso, oferece uma rede nacional para cursos promovidos por institui\u00e7\u00f5es de ensino superior p\u00fablicas de tradi\u00e7\u00e3o e valoriza as experi\u00eancias adquiridas com a pr\u00e1tica. Desse modo, aponta perspectivas de mudan\u00e7as e respostas aos problemas do cotidiano da escola e da sociedade.<\/p>\n","protected":false},"excerpt":{"rendered":"<p>Professores de L\u00edngua Portuguesa podem se inscrever de 14 de novembro a 15 de dezembro\u00a0 O Mestrado Profissional em Letras em Rede Nacional (ProfLetras) recebe inscri\u00e7\u00f5es de 14 de novembro a 15 de dezembro. S\u00e3o 590 vagas destinadas a professores de L\u00edngua Portuguesa em exerc\u00edcio no ensino fundamental da rede p\u00fablica de todo o Brasil. O resultado final da sele\u00e7\u00e3o ser\u00e1 divulgado a partir de 06 de mar\u00e7o do pr\u00f3ximo ano. O exame nacional de acesso ao ProfLetras \u00e9 executado pelo N\u00facleo Permanente de Concursos (Comperve) da Universidade Federal do Rio Grande do Norte (UFRN), coordenadora nacional do Programa. Para concorrer, al\u00e9m de preencher os requisitos exigidos no\u00a0edital\u00a0e o formul\u00e1rio de inscri\u00e7\u00e3o, \u00a0dispon\u00edvel no\u00a0site\u00a0do Comperve, os interessados devem pagar uma taxa de R$150. O ProfLetras conta com 49 institui\u00e7\u00f5es de ensino superior associadas e \u00e9 uma das doze sele\u00e7\u00f5es autorizadas para a Chamada 2022\/2023 do Programa de Mestrado Profissional para Professores da Educa\u00e7\u00e3o B\u00e1sica (ProEB) da CAPES. ProEB: Para melhorar a qualidade do ensino nas escolas da educa\u00e7\u00e3o b\u00e1sica p\u00fablica brasileira, o\u00a0ProEB\u00a0promove a forma\u00e7\u00e3o continuada de professores, no n\u00edvel de p\u00f3s-gradua\u00e7\u00e3o\u00a0stricto sensu. Al\u00e9m disso, oferece uma rede nacional para cursos promovidos por institui\u00e7\u00f5es de ensino superior p\u00fablicas de tradi\u00e7\u00e3o e valoriza as experi\u00eancias adquiridas com a pr\u00e1tica. Desse modo, aponta perspectivas de mudan\u00e7as e respostas aos problemas do cotidiano da escola e da sociedade.<\/p>\n","protected":false},"author":1,"featured_media":5289,"comment_status":"closed","ping_status":"open","sticky":false,"template":"","format":"standard","meta":{"site-sidebar-layout":"default","site-content-layout":"","ast-site-content-layout":"default","site-content-style":"default","site-sidebar-style":"default","ast-global-header-display":"","ast-banner-title-visibility":"","ast-main-header-display":"","ast-hfb-above-header-display":"","ast-hfb-below-header-display":"","ast-hfb-mobile-header-display":"","site-post-title":"","ast-breadcrumbs-content":"","ast-featured-img":"","footer-sml-layout":"","theme-transparent-header-meta":"","adv-header-id-meta":"","stick-header-meta":"","header-above-stick-meta":"","header-main-stick-meta":"","header-below-stick-meta":"","astra-migrate-meta-layouts":"default","ast-page-background-enabled":"default","ast-page-background-meta":{"desktop":{"background-color":"var(--ast-global-color-5)","background-image":"","background-repeat":"repeat","background-position":"center center","background-size":"auto","background-attachment":"scroll","background-type":"","background-media":"","overlay-type":"","overlay-color":"","overlay-opacity":"","overlay-gradient":""},"tablet":{"background-color":"","background-image":"","background-repeat":"repeat","background-position":"center center","background-size":"auto","background-attachment":"scroll","background-type":"","background-media":"","overlay-type":"","overlay-color":"","overlay-opacity":"","overlay-gradient":""},"mobile":{"background-color":"","background-image":"","background-repeat":"repeat","background-position":"center center","background-size":"auto","background-attachment":"scroll","background-type":"","background-media":"","overlay-type":"","overlay-color":"","overlay-opacity":"","overlay-gradient":""}},"ast-content-background-meta":{"desktop":{"background-color":"var(--ast-global-color-4)","background-image":"","background-repeat":"repeat","background-position":"center center","background-size":"auto","background-attachment":"scroll","background-type":"","background-media":"","overlay-type":"","overlay-color":"","overlay-opacity":"","overlay-gradient":""},"tablet":{"background-color":"var(--ast-global-color-4)","background-image":"","background-repeat":"repeat","background-position":"center center","background-size":"auto","background-attachment":"scroll","background-type":"","background-media":"","overlay-type":"","overlay-color":"","overlay-opacity":"","overlay-gradient":""},"mobile":{"background-color":"var(--ast-global-color-4)","background-image":"","background-repeat":"repeat","background-position":"center center","background-size":"auto","background-attachment":"scroll","background-type":"","background-media":"","overlay-type":"","overlay-color":"","overlay-opacity":"","overlay-gradient":""}},"footnotes":""},"categories":[48],"tags":[],"class_list":["post-5288","post","type-post","status-publish","format-standard","has-post-thumbnail","hentry","category-oportunidades"],"_links":{"self":[{"href":"https:\/\/clientes.jusanalytics.com.br\/professor\/wp-json\/wp\/v2\/posts\/5288","targetHints":{"allow":["GET"]}}],"collection":[{"href":"https:\/\/clientes.jusanalytics.com.br\/professor\/wp-json\/wp\/v2\/posts"}],"about":[{"href":"https:\/\/clientes.jusanalytics.com.br\/professor\/wp-json\/wp\/v2\/types\/post"}],"author":[{"embeddable":true,"href":"https:\/\/clientes.jusanalytics.com.br\/professor\/wp-json\/wp\/v2\/users\/1"}],"replies":[{"embeddable":true,"href":"https:\/\/clientes.jusanalytics.com.br\/professor\/wp-json\/wp\/v2\/comments?post=5288"}],"version-history":[{"count":0,"href":"https:\/\/clientes.jusanalytics.com.br\/professor\/wp-json\/wp\/v2\/posts\/5288\/revisions"}],"wp:featuredmedia":[{"embeddable":true,"href":"https:\/\/clientes.jusanalytics.com.br\/professor\/wp-json\/wp\/v2\/media\/5289"}],"wp:attachment":[{"href":"https:\/\/clientes.jusanalytics.com.br\/professor\/wp-json\/wp\/v2\/media?parent=5288"}],"wp:term":[{"taxonomy":"category","embeddable":true,"href":"https:\/\/clientes.jusanalytics.com.br\/professor\/wp-json\/wp\/v2\/categories?post=5288"},{"taxonomy":"post_tag","embeddable":true,"href":"https:\/\/clientes.jusanalytics.com.br\/professor\/wp-json\/wp\/v2\/tags?post=5288"}],"curies":[{"name":"wp","href":"https:\/\/api.w.org\/{rel}","templated":true}]}}