{"id":4853,"date":"2021-11-01T10:52:12","date_gmt":"2021-11-01T13:52:12","guid":{"rendered":"https:\/\/www.professorvladmirsilveira.com.br\/\/?p=4853"},"modified":"2021-11-01T10:52:12","modified_gmt":"2021-11-01T13:52:12","slug":"revista-da-agu-abre-chamada-de-artigos-para-dossie-especial","status":"publish","type":"post","link":"https:\/\/clientes.jusanalytics.com.br\/professor\/2021\/11\/01\/revista-da-agu-abre-chamada-de-artigos-para-dossie-especial\/","title":{"rendered":"Revista da AGU abre chamada de artigos para dossi\u00ea especial"},"content":{"rendered":"<p>Fonte: <a href=\"https:\/\/www.gov.br\/agu\/pt-br\/comunicacao\/noticias\/revista-da-agu-abre-chamada-de-artigos-para-dossie-especial\">Governo Federal\u00a0<\/a><\/p>\n<p>Revista da Advocacia Geral da Uni\u00e3o est\u00e1 com sele\u00e7\u00e3o aberta de artigos cient\u00edficos que poder\u00e3o integrar o dossi\u00ea especial \u201cMeios adequados de solu\u00e7\u00e3o de conflitos envolvendo entes p\u00fablicos\u201d, com publica\u00e7\u00e3o prevista para julho de 2022. A submiss\u00e3o dos trabalhos acad\u00eamicos pode ser realizada at\u00e9 o dia 14\/03\/2022, diretamente no <a class=\"external-link\" title=\"\" href=\"https:\/\/bit.ly\/SubmissoesRevistaAGU\" target=\"_blank\" rel=\"noopener\" data-tippreview-enabled=\"false\" data-tippreview-image=\"\" data-tippreview-title=\"\">site do peri\u00f3dico<\/a>.<\/p>\n<p>Ser\u00e3o recebidos para avalia\u00e7\u00e3o artigos que versem sobre aspectos te\u00f3ricos relativos ao tema do dossi\u00ea, bem como sobre quaisquer dos meios adequados em esp\u00e9cie, como a concilia\u00e7\u00e3o, negocia\u00e7\u00e3o, media\u00e7\u00e3o, transa\u00e7\u00e3o por ades\u00e3o, termo de ajustamento de conduta, arbitragem, <i>dispute boards <\/i>e plataformas online de resolu\u00e7\u00e3o de lit\u00edgios. A avalia\u00e7\u00e3o dos artigos observar\u00e1 o sistema duplo-cego de revis\u00e3o por pares (<i>double-blind peer review<\/i>).<\/p>\n<p>Os interessados dever\u00e3o cadastrar-se no sistema e selecionar o dossi\u00ea pretendido no campo \u201cse\u00e7\u00e3o\u201d da aba \u201c1. In\u00edcio\u201d, da p\u00e1gina de submiss\u00e3o. \u00c9 necess\u00e1rio ainda atentar para as normas e diretrizes aplic\u00e1veis \u00e0 Revista da AGU, elencadas tamb\u00e9m no <a class=\"external-link\" title=\"\" href=\"https:\/\/bit.ly\/NormasRevistaAGU\" target=\"_blank\" rel=\"noopener\" data-tippreview-enabled=\"false\" data-tippreview-image=\"\" data-tippreview-title=\"\">site da publica\u00e7\u00e3o<\/a>.<\/p>\n<p>De acordo com o vice-editor do peri\u00f3dico e coordenador dos cursos de p\u00f3s-gradua\u00e7\u00e3o da Escola da AGU, Henrique Augusto Figueiredo Fulg\u00eancio, a chamada de artigos pretende fomentar a submiss\u00e3o de trabalhos sobre tema de particular import\u00e2ncia para a advocacia p\u00fablica e com aspectos que demandam estudos aprofundados. \u201cA expectativa com a divulga\u00e7\u00e3o do dossi\u00ea \u00e9 atrair o interesse de autores, nacionais e estrangeiros, com elevada especializa\u00e7\u00e3o na mat\u00e9ria\u201d, adianta.<\/p>\n<p>A Revista da AGU possui conceito Qualis B2 e \u00e9 veiculada trimestralmente. Com fluxo cont\u00ednuo de recebimento de artigos, tem por objetivo a promo\u00e7\u00e3o e a divulga\u00e7\u00e3o de materiais cient\u00edficos in\u00e9ditos sobre o Direito P\u00fablico e a Advocacia P\u00fablica.<\/p>\n<p><b>Cadastramento para pareceristas<\/b><\/p>\n<p>A Revista da Advocacia-Geral da Uni\u00e3o tamb\u00e9m est\u00e1 cadastrando interessados em compor seu quadro de pareceristas. O cadastramento est\u00e1 sendo realizado <a class=\"external-link\" title=\"\" href=\"https:\/\/seer.agu.gov.br\/index.php\/AGU\/user\/register\" target=\"_blank\" rel=\"noopener\" data-tippreview-enabled=\"false\" data-tippreview-image=\"\" data-tippreview-title=\"\">online<\/a>. Os pesquisadores dever\u00e3o ser doutores em Direito ou na \u00e1rea de Ci\u00eancias Sociais Aplicadas, estar com o curr\u00edculo Lattes atualizado e ter interesse e disponibilidade para colaborar com o processo de avalia\u00e7\u00e3o de artigos submetidos ao peri\u00f3dico.<\/p>\n<p>&nbsp;<\/p>\n","protected":false},"excerpt":{"rendered":"<p>Fonte: Governo Federal\u00a0 Revista da Advocacia Geral da Uni\u00e3o est\u00e1 com sele\u00e7\u00e3o aberta de artigos cient\u00edficos que poder\u00e3o integrar o dossi\u00ea especial \u201cMeios adequados de solu\u00e7\u00e3o de conflitos envolvendo entes p\u00fablicos\u201d, com publica\u00e7\u00e3o prevista para julho de 2022. A submiss\u00e3o dos trabalhos acad\u00eamicos pode ser realizada at\u00e9 o dia 14\/03\/2022, diretamente no site do peri\u00f3dico. Ser\u00e3o recebidos para avalia\u00e7\u00e3o artigos que versem sobre aspectos te\u00f3ricos relativos ao tema do dossi\u00ea, bem como sobre quaisquer dos meios adequados em esp\u00e9cie, como a concilia\u00e7\u00e3o, negocia\u00e7\u00e3o, media\u00e7\u00e3o, transa\u00e7\u00e3o por ades\u00e3o, termo de ajustamento de conduta, arbitragem, dispute boards e plataformas online de resolu\u00e7\u00e3o de lit\u00edgios. A avalia\u00e7\u00e3o dos artigos observar\u00e1 o sistema duplo-cego de revis\u00e3o por pares (double-blind peer review). Os interessados dever\u00e3o cadastrar-se no sistema e selecionar o dossi\u00ea pretendido no campo \u201cse\u00e7\u00e3o\u201d da aba \u201c1. In\u00edcio\u201d, da p\u00e1gina de submiss\u00e3o. \u00c9 necess\u00e1rio ainda atentar para as normas e diretrizes aplic\u00e1veis \u00e0 Revista da AGU, elencadas tamb\u00e9m no site da publica\u00e7\u00e3o. De acordo com o vice-editor do peri\u00f3dico e coordenador dos cursos de p\u00f3s-gradua\u00e7\u00e3o da Escola da AGU, Henrique Augusto Figueiredo Fulg\u00eancio, a chamada de artigos pretende fomentar a submiss\u00e3o de trabalhos sobre tema de particular import\u00e2ncia para a advocacia p\u00fablica e com aspectos que demandam estudos aprofundados. \u201cA expectativa com a divulga\u00e7\u00e3o do dossi\u00ea \u00e9 atrair o interesse de autores, nacionais e estrangeiros, com elevada especializa\u00e7\u00e3o na mat\u00e9ria\u201d, adianta. A Revista da AGU possui conceito Qualis B2 e \u00e9 veiculada trimestralmente. Com fluxo cont\u00ednuo de recebimento de artigos, tem por objetivo a promo\u00e7\u00e3o e a divulga\u00e7\u00e3o de materiais cient\u00edficos in\u00e9ditos sobre o Direito P\u00fablico e a Advocacia P\u00fablica. Cadastramento para pareceristas A Revista da Advocacia-Geral da Uni\u00e3o tamb\u00e9m est\u00e1 cadastrando interessados em compor seu quadro de pareceristas. O cadastramento est\u00e1 sendo realizado online. Os pesquisadores dever\u00e3o ser doutores em Direito ou na \u00e1rea de Ci\u00eancias Sociais Aplicadas, estar com o curr\u00edculo Lattes atualizado e ter interesse e disponibilidade para colaborar com o processo de avalia\u00e7\u00e3o de artigos submetidos ao peri\u00f3dico. &nbsp;<\/p>\n","protected":false},"author":1,"featured_media":4855,"comment_status":"closed","ping_status":"open","sticky":false,"template":"","format":"standard","meta":{"site-sidebar-layout":"default","site-content-layout":"","ast-site-content-layout":"default","site-content-style":"default","site-sidebar-style":"default","ast-global-header-display":"","ast-banner-title-visibility":"","ast-main-header-display":"","ast-hfb-above-header-display":"","ast-hfb-below-header-display":"","ast-hfb-mobile-header-display":"","site-post-title":"","ast-breadcrumbs-content":"","ast-featured-img":"","footer-sml-layout":"","theme-transparent-header-meta":"","adv-header-id-meta":"","stick-header-meta":"","header-above-stick-meta":"","header-main-stick-meta":"","header-below-stick-meta":"","astra-migrate-meta-layouts":"default","ast-page-background-enabled":"default","ast-page-background-meta":{"desktop":{"background-color":"var(--ast-global-color-5)","background-image":"","background-repeat":"repeat","background-position":"center center","background-size":"auto","background-attachment":"scroll","background-type":"","background-media":"","overlay-type":"","overlay-color":"","overlay-opacity":"","overlay-gradient":""},"tablet":{"background-color":"","background-image":"","background-repeat":"repeat","background-position":"center center","background-size":"auto","background-attachment":"scroll","background-type":"","background-media":"","overlay-type":"","overlay-color":"","overlay-opacity":"","overlay-gradient":""},"mobile":{"background-color":"","background-image":"","background-repeat":"repeat","background-position":"center center","background-size":"auto","background-attachment":"scroll","background-type":"","background-media":"","overlay-type":"","overlay-color":"","overlay-opacity":"","overlay-gradient":""}},"ast-content-background-meta":{"desktop":{"background-color":"var(--ast-global-color-4)","background-image":"","background-repeat":"repeat","background-position":"center center","background-size":"auto","background-attachment":"scroll","background-type":"","background-media":"","overlay-type":"","overlay-color":"","overlay-opacity":"","overlay-gradient":""},"tablet":{"background-color":"var(--ast-global-color-4)","background-image":"","background-repeat":"repeat","background-position":"center center","background-size":"auto","background-attachment":"scroll","background-type":"","background-media":"","overlay-type":"","overlay-color":"","overlay-opacity":"","overlay-gradient":""},"mobile":{"background-color":"var(--ast-global-color-4)","background-image":"","background-repeat":"repeat","background-position":"center center","background-size":"auto","background-attachment":"scroll","background-type":"","background-media":"","overlay-type":"","overlay-color":"","overlay-opacity":"","overlay-gradient":""}},"footnotes":""},"categories":[48],"tags":[206,95,207,208],"class_list":["post-4853","post","type-post","status-publish","format-standard","has-post-thumbnail","hentry","category-oportunidades","tag-advocacia-geral-da-uniao","tag-chamada-de-artigos","tag-revista-da-advocacia-geral-da-uniao","tag-revista-da-agu"],"_links":{"self":[{"href":"https:\/\/clientes.jusanalytics.com.br\/professor\/wp-json\/wp\/v2\/posts\/4853","targetHints":{"allow":["GET"]}}],"collection":[{"href":"https:\/\/clientes.jusanalytics.com.br\/professor\/wp-json\/wp\/v2\/posts"}],"about":[{"href":"https:\/\/clientes.jusanalytics.com.br\/professor\/wp-json\/wp\/v2\/types\/post"}],"author":[{"embeddable":true,"href":"https:\/\/clientes.jusanalytics.com.br\/professor\/wp-json\/wp\/v2\/users\/1"}],"replies":[{"embeddable":true,"href":"https:\/\/clientes.jusanalytics.com.br\/professor\/wp-json\/wp\/v2\/comments?post=4853"}],"version-history":[{"count":0,"href":"https:\/\/clientes.jusanalytics.com.br\/professor\/wp-json\/wp\/v2\/posts\/4853\/revisions"}],"wp:featuredmedia":[{"embeddable":true,"href":"https:\/\/clientes.jusanalytics.com.br\/professor\/wp-json\/wp\/v2\/media\/4855"}],"wp:attachment":[{"href":"https:\/\/clientes.jusanalytics.com.br\/professor\/wp-json\/wp\/v2\/media?parent=4853"}],"wp:term":[{"taxonomy":"category","embeddable":true,"href":"https:\/\/clientes.jusanalytics.com.br\/professor\/wp-json\/wp\/v2\/categories?post=4853"},{"taxonomy":"post_tag","embeddable":true,"href":"https:\/\/clientes.jusanalytics.com.br\/professor\/wp-json\/wp\/v2\/tags?post=4853"}],"curies":[{"name":"wp","href":"https:\/\/api.w.org\/{rel}","templated":true}]}}