{"id":4201,"date":"2021-01-09T08:47:20","date_gmt":"2021-01-09T11:47:20","guid":{"rendered":"https:\/\/www.professorvladmirsilveira.com.br\/\/?p=4201"},"modified":"2021-01-09T08:47:20","modified_gmt":"2021-01-09T11:47:20","slug":"curso-de-extensao-tutela-juridica-do-pantanal","status":"publish","type":"post","link":"https:\/\/clientes.jusanalytics.com.br\/professor\/2021\/01\/09\/curso-de-extensao-tutela-juridica-do-pantanal\/","title":{"rendered":"Curso de extens\u00e3o &#8220;Tutela jur\u00eddica do Pantanal&#8221;"},"content":{"rendered":"<p id=\"viewer-8mt6j\" class=\"XzvDs _208Ie ljrnk blog-post-text-font blog-post-text-color _2QAo- _25MYV _1Fao9 ljrnk public-DraftStyleDefault-block-depth0 public-DraftStyleDefault-text-ltr\"><span class=\"vkIF2 public-DraftStyleDefault-ltr\">O Instituto de Desenvolvimento Humano Global (IDHG) realiza parceria com a Faculdade de Direito da Universidade Federal de Mato Grosso do Sul (FADIR-UFMS), o Programa de P\u00f3s-Gradua\u00e7\u00e3o em Direito da Universidade Federal de Mato Grosso do Sul (FADIR-UFMS) e o CAJEF Direito UFMS, para o desenvolvimento do curso de extens\u00e3o &#8220;Tutela jur\u00eddica do Pantanal&#8221;.<\/span><\/p>\n<p id=\"viewer-dghl0\" class=\"XzvDs _208Ie ljrnk blog-post-text-font blog-post-text-color _2QAo- _25MYV _1Fao9 ljrnk public-DraftStyleDefault-block-depth0 public-DraftStyleDefault-text-ltr\"><span class=\"vkIF2 public-DraftStyleDefault-ltr\">O curso, sob coordena\u00e7\u00e3o da Prof\u00aa. Dr\u00aa. L\u00edvia Gaigher B\u00f3sio Campello, ser\u00e1 dividido em nove encontros, os quais contar\u00e3o com a participa\u00e7\u00e3o de professores e pesquisadores experientes, com o prop\u00f3sito de debater, juntamente com a comunidade acad\u00eamica, importantes tem\u00e1ticas ligadas \u00e0 tutela jur\u00eddica do bioma Pantanal. <\/span><\/p>\n<p id=\"viewer-6ctgl\" class=\"XzvDs _208Ie ljrnk blog-post-text-font blog-post-text-color _2QAo- _25MYV _1Fao9 ljrnk public-DraftStyleDefault-block-depth0 public-DraftStyleDefault-text-ltr\"><span class=\"vkIF2 public-DraftStyleDefault-ltr\">Os encontros ser\u00e3o realizados, de forma peri\u00f3dica, na ter\u00e7a-feira, e ser\u00e3o transmitidos no YouTube pelo canal do IDHG. <\/span><\/p>\n<p class=\"XzvDs _208Ie ljrnk blog-post-text-font blog-post-text-color _2QAo- _25MYV _1Fao9 ljrnk public-DraftStyleDefault-block-depth0 public-DraftStyleDefault-text-ltr\"><span class=\"vkIF2 public-DraftStyleDefault-ltr\">A inscri\u00e7\u00e3o \u00e9 gratuita (<a class=\"_2qJYG blog-link-hashtag-color _2xVcV\" href=\"https:\/\/forms.gle\/WZhRBPg9RgqAgTky8\" target=\"_blank\" rel=\"noopener\"><u class=\"sDZYg\">link<\/u><\/a>) e ser\u00e1 fornecido certificado aos participantes.<\/span><\/p>\n<p><img fetchpriority=\"high\" decoding=\"async\" class=\"alignnone wp-image-4202 size-600\" title=\"Curso de extens\u00e3o &quot;Tutela jur\u00eddica do Pantanal&quot;\" src=\"https:\/\/www.professorvladmirsilveira.com.br\/\/wp-content\/uploads\/2021\/01\/0b8775_10b640f2cfea4f678dcaadfe380f2959mv2-600x849.jpg\" alt=\"Curso de extens\u00e3o &quot;Tutela jur\u00eddica do Pantanal&quot;\" width=\"600\" height=\"849\" \/><\/p>\n<p>&nbsp;<\/p>\n<p id=\"viewer-48phq\" class=\"XzvDs _208Ie ljrnk blog-post-text-font blog-post-text-color _2QAo- _25MYV _1Fao9 ljrnk public-DraftStyleDefault-block-depth0 public-DraftStyleDefault-text-ltr\"><span class=\"vkIF2 public-DraftStyleDefault-ltr\">Confira a programa\u00e7\u00e3o pr\u00e9via:<\/span><\/p>\n<ul class=\"public-DraftStyleDefault-ul\">\n<li id=\"viewer-4qha4\" class=\"ljrnk _1QOLZ _2eQSj _1BJwx public-DraftStyleDefault-unorderedListItem public-DraftStyleDefault-depth0 public-DraftStyleDefault-list-ltr public-DraftStyleDefault-reset _2QAo- _25MYV _1Fao9 ljrnk\">\n<p class=\"_208Ie _2QAo- _25MYV _1Fao9 ljrnk\"><strong>Encontro 01 (06.04.2021):<\/strong><\/p>\n<\/li>\n<\/ul>\n<p id=\"viewer-8rev\" class=\"XzvDs _208Ie ljrnk blog-post-text-font blog-post-text-color _2QAo- _25MYV _1Fao9 ljrnk public-DraftStyleDefault-block-depth0 public-DraftStyleDefault-text-ltr\"><span class=\"vkIF2 public-DraftStyleDefault-ltr\">Tema: Aspectos do bioma Pantanal e hist\u00f3rico de degrada\u00e7\u00e3o<\/span><\/p>\n<p id=\"viewer-bpr5t\" class=\"XzvDs _208Ie ljrnk blog-post-text-font blog-post-text-color _2QAo- _25MYV _1Fao9 ljrnk public-DraftStyleDefault-block-depth0 public-DraftStyleDefault-text-ltr\"><span class=\"vkIF2 public-DraftStyleDefault-ltr\">Prof. Dr. Antonio Concei\u00e7\u00e3o Paranhos Filho (UFMS)<\/span><\/p>\n<p id=\"viewer-ot3o\" class=\"XzvDs _208Ie ljrnk blog-post-text-font blog-post-text-color _2QAo- _25MYV _1Fao9 ljrnk public-DraftStyleDefault-block-depth0 public-DraftStyleDefault-text-ltr\"><span class=\"vkIF2 public-DraftStyleDefault-ltr\">Doutoranda Aline Paiva Moreira (UFMS)<\/span><\/p>\n<ul class=\"public-DraftStyleDefault-ul\">\n<li id=\"viewer-4eccf\" class=\"ljrnk _1QOLZ _2eQSj _1BJwx public-DraftStyleDefault-unorderedListItem public-DraftStyleDefault-depth0 public-DraftStyleDefault-list-ltr public-DraftStyleDefault-reset _2QAo- _25MYV _1Fao9 ljrnk\">\n<p class=\"_208Ie _2QAo- _25MYV _1Fao9 ljrnk\"><strong>Encontro 02 (13.04.2021):<\/strong><\/p>\n<\/li>\n<\/ul>\n<p id=\"viewer-9rle8\" class=\"XzvDs _208Ie ljrnk blog-post-text-font blog-post-text-color _2QAo- _25MYV _1Fao9 ljrnk public-DraftStyleDefault-block-depth0 public-DraftStyleDefault-text-ltr\"><span class=\"vkIF2 public-DraftStyleDefault-ltr\">Tema: Compet\u00eancia dos entes federativos na prote\u00e7\u00e3o do bioma Pantanal<\/span><\/p>\n<p id=\"viewer-fom5l\" class=\"XzvDs _208Ie ljrnk blog-post-text-font blog-post-text-color _2QAo- _25MYV _1Fao9 ljrnk public-DraftStyleDefault-block-depth0 public-DraftStyleDefault-text-ltr\"><span class=\"vkIF2 public-DraftStyleDefault-ltr\">Mestranda e analista do TJ-MS Ana Carolina Vieira de Barros (UFMS; TJ-MS)<\/span><\/p>\n<p id=\"viewer-675hv\" class=\"XzvDs _208Ie ljrnk blog-post-text-font blog-post-text-color _2QAo- _25MYV _1Fao9 ljrnk public-DraftStyleDefault-block-depth0 public-DraftStyleDefault-text-ltr\"><span class=\"vkIF2 public-DraftStyleDefault-ltr\">Mestrando e procurador Rodrigo de Oliveira Ferreira (UFMS)<\/span><\/p>\n<ul class=\"public-DraftStyleDefault-ul\">\n<li id=\"viewer-2s43i\" class=\"ljrnk _1QOLZ _2eQSj _1BJwx public-DraftStyleDefault-unorderedListItem public-DraftStyleDefault-depth0 public-DraftStyleDefault-list-ltr public-DraftStyleDefault-reset _2QAo- _25MYV _1Fao9 ljrnk\">\n<p class=\"_208Ie _2QAo- _25MYV _1Fao9 ljrnk\"><strong>Encontro 03 (20.04.2021):<\/strong><\/p>\n<\/li>\n<\/ul>\n<p id=\"viewer-b1b4i\" class=\"XzvDs _208Ie ljrnk blog-post-text-font blog-post-text-color _2QAo- _25MYV _1Fao9 ljrnk public-DraftStyleDefault-block-depth0 public-DraftStyleDefault-text-ltr\"><span class=\"vkIF2 public-DraftStyleDefault-ltr\">Tema: Categorias de zonas \u00famidas no Brasil<\/span><\/p>\n<p id=\"viewer-1u6jd\" class=\"XzvDs _208Ie ljrnk blog-post-text-font blog-post-text-color _2QAo- _25MYV _1Fao9 ljrnk public-DraftStyleDefault-block-depth0 public-DraftStyleDefault-text-ltr\"><span class=\"vkIF2 public-DraftStyleDefault-ltr\">Mestranda Rafaela de Deus Lima (UFMS)<\/span><\/p>\n<ul class=\"public-DraftStyleDefault-ul\">\n<li id=\"viewer-blsqu\" class=\"ljrnk _1QOLZ _2eQSj _1BJwx public-DraftStyleDefault-unorderedListItem public-DraftStyleDefault-depth0 public-DraftStyleDefault-list-ltr public-DraftStyleDefault-reset _2QAo- _25MYV _1Fao9 ljrnk\">\n<p class=\"_208Ie _2QAo- _25MYV _1Fao9 ljrnk\"><strong>Encontro 04 (27.04.2021):<\/strong><\/p>\n<\/li>\n<\/ul>\n<p id=\"viewer-3paoe\" class=\"XzvDs _208Ie ljrnk blog-post-text-font blog-post-text-color _2QAo- _25MYV _1Fao9 ljrnk public-DraftStyleDefault-block-depth0 public-DraftStyleDefault-text-ltr\"><span class=\"vkIF2 public-DraftStyleDefault-ltr\">Tema: Responsabilidade administrativa ambiental no contexto do Pantanal<\/span><\/p>\n<p id=\"viewer-5b3fq\" class=\"XzvDs _208Ie ljrnk blog-post-text-font blog-post-text-color _2QAo- _25MYV _1Fao9 ljrnk public-DraftStyleDefault-block-depth0 public-DraftStyleDefault-text-ltr\"><span class=\"vkIF2 public-DraftStyleDefault-ltr\">Mestrando e procurador Rodrigo de Oliveira Ferreira (UFMS)<\/span><\/p>\n<ul class=\"public-DraftStyleDefault-ul\">\n<li id=\"viewer-f9als\" class=\"ljrnk _1QOLZ _2eQSj _1BJwx public-DraftStyleDefault-unorderedListItem public-DraftStyleDefault-depth0 public-DraftStyleDefault-list-ltr public-DraftStyleDefault-reset _2QAo- _25MYV _1Fao9 ljrnk\">\n<p class=\"_208Ie _2QAo- _25MYV _1Fao9 ljrnk\"><strong>Encontro 05 (04.05.2021):<\/strong><\/p>\n<\/li>\n<\/ul>\n<p id=\"viewer-1a9it\" class=\"XzvDs _208Ie ljrnk blog-post-text-font blog-post-text-color _2QAo- _25MYV _1Fao9 ljrnk public-DraftStyleDefault-block-depth0 public-DraftStyleDefault-text-ltr\"><span class=\"vkIF2 public-DraftStyleDefault-ltr\">Tema: Responsabilidade penal ambiental no contexto do Pantanal<\/span><\/p>\n<p id=\"viewer-8ei81\" class=\"XzvDs _208Ie ljrnk blog-post-text-font blog-post-text-color _2QAo- _25MYV _1Fao9 ljrnk public-DraftStyleDefault-block-depth0 public-DraftStyleDefault-text-ltr\"><span class=\"vkIF2 public-DraftStyleDefault-ltr\">Mestrando e procurador Pedro Gabriel Siqueira Gon\u00e7alves (UFMS)<\/span><\/p>\n<p id=\"viewer-cu5ka\" class=\"XzvDs _208Ie ljrnk blog-post-text-font blog-post-text-color _2QAo- _25MYV _1Fao9 ljrnk public-DraftStyleDefault-block-depth0 public-DraftStyleDefault-text-ltr\"><span class=\"vkIF2 public-DraftStyleDefault-ltr\">Mestrando e juiz de Direito Jess\u00e9 Cruciol Junior (UFMS; TJ-MS)<\/span><\/p>\n<ul class=\"public-DraftStyleDefault-ul\">\n<li id=\"viewer-7lkqv\" class=\"ljrnk _1QOLZ _2eQSj _1BJwx public-DraftStyleDefault-unorderedListItem public-DraftStyleDefault-depth0 public-DraftStyleDefault-list-ltr public-DraftStyleDefault-reset _2QAo- _25MYV _1Fao9 ljrnk\">\n<p class=\"_208Ie _2QAo- _25MYV _1Fao9 ljrnk\"><strong>Encontro 06 (11.05.2021):<\/strong><\/p>\n<\/li>\n<\/ul>\n<p id=\"viewer-dp28h\" class=\"XzvDs _208Ie ljrnk blog-post-text-font blog-post-text-color _2QAo- _25MYV _1Fao9 ljrnk public-DraftStyleDefault-block-depth0 public-DraftStyleDefault-text-ltr\"><span class=\"vkIF2 public-DraftStyleDefault-ltr\">Tema: Responsabilidade civil ambiental no contexto do Pantanal<\/span><\/p>\n<p id=\"viewer-o0b1\" class=\"XzvDs _208Ie ljrnk blog-post-text-font blog-post-text-color _2QAo- _25MYV _1Fao9 ljrnk public-DraftStyleDefault-block-depth0 public-DraftStyleDefault-text-ltr\"><span class=\"vkIF2 public-DraftStyleDefault-ltr\">Prof\u00aa. Dr\u00aa e ju\u00edza de Direito Joseliza Alessandra Vanzela Turine (TJ-MS)<\/span><\/p>\n<ul class=\"public-DraftStyleDefault-ul\">\n<li id=\"viewer-apt9h\" class=\"ljrnk _1QOLZ _2eQSj _1BJwx public-DraftStyleDefault-unorderedListItem public-DraftStyleDefault-depth0 public-DraftStyleDefault-list-ltr public-DraftStyleDefault-reset _2QAo- _25MYV _1Fao9 ljrnk\">\n<p class=\"_208Ie _2QAo- _25MYV _1Fao9 ljrnk\"><strong>Encontro 07 (18.05.2021):<\/strong><\/p>\n<\/li>\n<\/ul>\n<p id=\"viewer-a996n\" class=\"XzvDs _208Ie ljrnk blog-post-text-font blog-post-text-color _2QAo- _25MYV _1Fao9 ljrnk public-DraftStyleDefault-block-depth0 public-DraftStyleDefault-text-ltr\"><span class=\"vkIF2 public-DraftStyleDefault-ltr\">Tema: A prote\u00e7\u00e3o das popula\u00e7\u00f5es ind\u00edgenas e comunidades tradicionais no Pantanal<\/span><\/p>\n<p id=\"viewer-6q955\" class=\"XzvDs _208Ie ljrnk blog-post-text-font blog-post-text-color _2QAo- _25MYV _1Fao9 ljrnk public-DraftStyleDefault-block-depth0 public-DraftStyleDefault-text-ltr\"><span class=\"vkIF2 public-DraftStyleDefault-ltr\">Prof. Me. e ju\u00edza de Direito Raquel Domingues do Amaral (UFMS)<\/span><\/p>\n<ul class=\"public-DraftStyleDefault-ul\">\n<li id=\"viewer-3pq1d\" class=\"ljrnk _1QOLZ _2eQSj _1BJwx public-DraftStyleDefault-unorderedListItem public-DraftStyleDefault-depth0 public-DraftStyleDefault-list-ltr public-DraftStyleDefault-reset _2QAo- _25MYV _1Fao9 ljrnk\">\n<p class=\"_208Ie _2QAo- _25MYV _1Fao9 ljrnk\"><strong>Encontro 08 (25.05.2021):<\/strong><\/p>\n<\/li>\n<\/ul>\n<p id=\"viewer-ags3g\" class=\"XzvDs _208Ie ljrnk blog-post-text-font blog-post-text-color _2QAo- _25MYV _1Fao9 ljrnk public-DraftStyleDefault-block-depth0 public-DraftStyleDefault-text-ltr\"><span class=\"vkIF2 public-DraftStyleDefault-ltr\">Tema: Instrumentos e incentivos econ\u00f4micos: o pagamento por servi\u00e7os ambientais no Pantanal <\/span><\/p>\n<p id=\"viewer-4uden\" class=\"XzvDs _208Ie ljrnk blog-post-text-font blog-post-text-color _2QAo- _25MYV _1Fao9 ljrnk public-DraftStyleDefault-block-depth0 public-DraftStyleDefault-text-ltr\"><span class=\"vkIF2 public-DraftStyleDefault-ltr\">Me. Daniela de Sousa Franco Coimbra<\/span><\/p>\n<ul class=\"public-DraftStyleDefault-ul\">\n<li id=\"viewer-7glt0\" class=\"ljrnk _1QOLZ _2eQSj _1BJwx public-DraftStyleDefault-unorderedListItem public-DraftStyleDefault-depth0 public-DraftStyleDefault-list-ltr public-DraftStyleDefault-reset _2QAo- _25MYV _1Fao9 ljrnk\">\n<p class=\"_208Ie _2QAo- _25MYV _1Fao9 ljrnk\"><strong>Encontro 09 (01.06.2021):<\/strong><\/p>\n<\/li>\n<\/ul>\n<p id=\"viewer-6ovjb\" class=\"XzvDs _208Ie ljrnk blog-post-text-font blog-post-text-color _2QAo- _25MYV _1Fao9 ljrnk public-DraftStyleDefault-block-depth0 public-DraftStyleDefault-text-ltr\"><span class=\"vkIF2 public-DraftStyleDefault-ltr\">Tema: Alternativas para as atividades no bioma Pantanal no paradigma da sustentabilidade<\/span><\/p>\n<p id=\"viewer-elfrt\" class=\"XzvDs _208Ie ljrnk blog-post-text-font blog-post-text-color _2QAo- _25MYV _1Fao9 ljrnk public-DraftStyleDefault-block-depth0 public-DraftStyleDefault-text-ltr\"><span class=\"vkIF2 public-DraftStyleDefault-ltr\">D\u00favidas: institutodhg@gmail.com <\/span><\/p>\n<div id=\"viewer-aqqka\" class=\"XzvDs _208Ie ljrnk blog-post-text-font blog-post-text-color _2QAo- _25MYV _1Fao9 ljrnk public-DraftStyleDefault-block-depth0 public-DraftStyleDefault-text-ltr\"><\/div>\n","protected":false},"excerpt":{"rendered":"<p>O Instituto de Desenvolvimento Humano Global (IDHG) realiza parceria com a Faculdade de Direito da Universidade Federal de Mato Grosso do Sul (FADIR-UFMS), o Programa de P\u00f3s-Gradua\u00e7\u00e3o em Direito da Universidade Federal de Mato Grosso do Sul (FADIR-UFMS) e o CAJEF Direito UFMS, para o desenvolvimento do curso de extens\u00e3o &#8220;Tutela jur\u00eddica do Pantanal&#8221;. O curso, sob coordena\u00e7\u00e3o da Prof\u00aa. Dr\u00aa. L\u00edvia Gaigher B\u00f3sio Campello, ser\u00e1 dividido em nove encontros, os quais contar\u00e3o com a participa\u00e7\u00e3o de professores e pesquisadores experientes, com o prop\u00f3sito de debater, juntamente com a comunidade acad\u00eamica, importantes tem\u00e1ticas ligadas \u00e0 tutela jur\u00eddica do bioma Pantanal. Os encontros ser\u00e3o realizados, de forma peri\u00f3dica, na ter\u00e7a-feira, e ser\u00e3o transmitidos no YouTube pelo canal do IDHG. A inscri\u00e7\u00e3o \u00e9 gratuita (link) e ser\u00e1 fornecido certificado aos participantes. &nbsp; Confira a programa\u00e7\u00e3o pr\u00e9via: Encontro 01 (06.04.2021): Tema: Aspectos do bioma Pantanal e hist\u00f3rico de degrada\u00e7\u00e3o Prof. Dr. Antonio Concei\u00e7\u00e3o Paranhos Filho (UFMS) Doutoranda Aline Paiva Moreira (UFMS) Encontro 02 (13.04.2021): Tema: Compet\u00eancia dos entes federativos na prote\u00e7\u00e3o do bioma Pantanal Mestranda e analista do TJ-MS Ana Carolina Vieira de Barros (UFMS; TJ-MS) Mestrando e procurador Rodrigo de Oliveira Ferreira (UFMS) Encontro 03 (20.04.2021): Tema: Categorias de zonas \u00famidas no Brasil Mestranda Rafaela de Deus Lima (UFMS) Encontro 04 (27.04.2021): Tema: Responsabilidade administrativa ambiental no contexto do Pantanal Mestrando e procurador Rodrigo de Oliveira Ferreira (UFMS) Encontro 05 (04.05.2021): Tema: Responsabilidade penal ambiental no contexto do Pantanal Mestrando e procurador Pedro Gabriel Siqueira Gon\u00e7alves (UFMS) Mestrando e juiz de Direito Jess\u00e9 Cruciol Junior (UFMS; TJ-MS) Encontro 06 (11.05.2021): Tema: Responsabilidade civil ambiental no contexto do Pantanal Prof\u00aa. Dr\u00aa e ju\u00edza de Direito Joseliza Alessandra Vanzela Turine (TJ-MS) Encontro 07 (18.05.2021): Tema: A prote\u00e7\u00e3o das popula\u00e7\u00f5es ind\u00edgenas e comunidades tradicionais no Pantanal Prof. Me. e ju\u00edza de Direito Raquel Domingues do Amaral (UFMS) Encontro 08 (25.05.2021): Tema: Instrumentos e incentivos econ\u00f4micos: o pagamento por servi\u00e7os ambientais no Pantanal Me. Daniela de Sousa Franco Coimbra Encontro 09 (01.06.2021): Tema: Alternativas para as atividades no bioma Pantanal no paradigma da sustentabilidade D\u00favidas: institutodhg@gmail.com<\/p>\n","protected":false},"author":1,"featured_media":0,"comment_status":"closed","ping_status":"open","sticky":false,"template":"","format":"standard","meta":{"site-sidebar-layout":"default","site-content-layout":"","ast-site-content-layout":"default","site-content-style":"default","site-sidebar-style":"default","ast-global-header-display":"","ast-banner-title-visibility":"","ast-main-header-display":"","ast-hfb-above-header-display":"","ast-hfb-below-header-display":"","ast-hfb-mobile-header-display":"","site-post-title":"","ast-breadcrumbs-content":"","ast-featured-img":"","footer-sml-layout":"","theme-transparent-header-meta":"","adv-header-id-meta":"","stick-header-meta":"","header-above-stick-meta":"","header-main-stick-meta":"","header-below-stick-meta":"","astra-migrate-meta-layouts":"default","ast-page-background-enabled":"default","ast-page-background-meta":{"desktop":{"background-color":"var(--ast-global-color-5)","background-image":"","background-repeat":"repeat","background-position":"center center","background-size":"auto","background-attachment":"scroll","background-type":"","background-media":"","overlay-type":"","overlay-color":"","overlay-opacity":"","overlay-gradient":""},"tablet":{"background-color":"","background-image":"","background-repeat":"repeat","background-position":"center center","background-size":"auto","background-attachment":"scroll","background-type":"","background-media":"","overlay-type":"","overlay-color":"","overlay-opacity":"","overlay-gradient":""},"mobile":{"background-color":"","background-image":"","background-repeat":"repeat","background-position":"center center","background-size":"auto","background-attachment":"scroll","background-type":"","background-media":"","overlay-type":"","overlay-color":"","overlay-opacity":"","overlay-gradient":""}},"ast-content-background-meta":{"desktop":{"background-color":"var(--ast-global-color-4)","background-image":"","background-repeat":"repeat","background-position":"center center","background-size":"auto","background-attachment":"scroll","background-type":"","background-media":"","overlay-type":"","overlay-color":"","overlay-opacity":"","overlay-gradient":""},"tablet":{"background-color":"var(--ast-global-color-4)","background-image":"","background-repeat":"repeat","background-position":"center center","background-size":"auto","background-attachment":"scroll","background-type":"","background-media":"","overlay-type":"","overlay-color":"","overlay-opacity":"","overlay-gradient":""},"mobile":{"background-color":"var(--ast-global-color-4)","background-image":"","background-repeat":"repeat","background-position":"center center","background-size":"auto","background-attachment":"scroll","background-type":"","background-media":"","overlay-type":"","overlay-color":"","overlay-opacity":"","overlay-gradient":""}},"footnotes":""},"categories":[130],"tags":[154,155],"class_list":["post-4201","post","type-post","status-publish","format-standard","hentry","category-eventos","tag-pantanal","tag-tutela-juridica-do-pantanal"],"_links":{"self":[{"href":"https:\/\/clientes.jusanalytics.com.br\/professor\/wp-json\/wp\/v2\/posts\/4201","targetHints":{"allow":["GET"]}}],"collection":[{"href":"https:\/\/clientes.jusanalytics.com.br\/professor\/wp-json\/wp\/v2\/posts"}],"about":[{"href":"https:\/\/clientes.jusanalytics.com.br\/professor\/wp-json\/wp\/v2\/types\/post"}],"author":[{"embeddable":true,"href":"https:\/\/clientes.jusanalytics.com.br\/professor\/wp-json\/wp\/v2\/users\/1"}],"replies":[{"embeddable":true,"href":"https:\/\/clientes.jusanalytics.com.br\/professor\/wp-json\/wp\/v2\/comments?post=4201"}],"version-history":[{"count":0,"href":"https:\/\/clientes.jusanalytics.com.br\/professor\/wp-json\/wp\/v2\/posts\/4201\/revisions"}],"wp:attachment":[{"href":"https:\/\/clientes.jusanalytics.com.br\/professor\/wp-json\/wp\/v2\/media?parent=4201"}],"wp:term":[{"taxonomy":"category","embeddable":true,"href":"https:\/\/clientes.jusanalytics.com.br\/professor\/wp-json\/wp\/v2\/categories?post=4201"},{"taxonomy":"post_tag","embeddable":true,"href":"https:\/\/clientes.jusanalytics.com.br\/professor\/wp-json\/wp\/v2\/tags?post=4201"}],"curies":[{"name":"wp","href":"https:\/\/api.w.org\/{rel}","templated":true}]}}