{"id":4190,"date":"2021-01-05T17:31:12","date_gmt":"2021-01-05T20:31:12","guid":{"rendered":"https:\/\/www.professorvladmirsilveira.com.br\/\/?p=4190"},"modified":"2021-01-05T17:31:12","modified_gmt":"2021-01-05T20:31:12","slug":"selecao-para-cursos-de-mestrado-e-doutorado-ufms","status":"publish","type":"post","link":"https:\/\/clientes.jusanalytics.com.br\/professor\/2021\/01\/05\/selecao-para-cursos-de-mestrado-e-doutorado-ufms\/","title":{"rendered":"Sele\u00e7\u00e3o para cursos de Mestrado e Doutorado &#8211; UFMS"},"content":{"rendered":"<p><strong>Fonte: <a href=\"https:\/\/www.ufms.br\/cursos-de-mestrado-e-doutorado-tem-mais-de-850-oportunidades\/\">UFMS<\/a><\/strong><\/p>\n<p>As p\u00f3s-gradua\u00e7\u00f5es da UFMS est\u00e3o com inscri\u00e7\u00f5es abertas at\u00e9 10 de fevereiro. S\u00e3o mais de 850 vagas em cursos de Mestrado e Doutorado de diversas \u00e1reas do conhecimento, desenvolvidos na Cidade Universit\u00e1ria em Campo Grande e nos c\u00e2mpus de Aquidauana, Chapad\u00e3o do Sul, Pantanal (Corumb\u00e1) e Tr\u00eas Lagoas. Os interessados podem se inscrever gratuitamente no site:\u00a0<a href=\"https:\/\/posgraduacao.ufms.br\/portal\" target=\"_blank\" rel=\"noopener noreferrer\">posgraduacao.ufms.br<\/a>.<\/p>\n<p>Para 2021 o calend\u00e1rio dos processos seletivos para a p\u00f3s-gradua\u00e7\u00e3o foi unificado. \u201cUm per\u00edodo de inscri\u00e7\u00f5es \u00fanico e superior a 30 dias ir\u00e1 propiciar aos candidatos mais tempo para se prepararem para a sele\u00e7\u00e3o. Al\u00e9m disso, o calend\u00e1rio unificado permitiu solicitarmos ao Programa de Extens\u00e3o: Ensino de L\u00ednguas da UFMS (Progeli) a elabora\u00e7\u00e3o de provas tamb\u00e9m unificadas de sufici\u00eancia em l\u00edngua estrangeira para todos os cursos\u201d, explicou o chefe da Coordenadoria de P\u00f3s-gradua\u00e7\u00e3o, vinculada \u00e0 Pr\u00f3-reitoria de Pesquisa e P\u00f3s-Gradua\u00e7\u00e3o (Propp), Al\u00e9m-Mar Bernardes Gon\u00e7alves.<\/p>\n<p>As provas de l\u00edngua inglesa e espanhola ser\u00e3o realizadas no formato remoto, com previs\u00e3o de aplica\u00e7\u00e3o em 24 de fevereiro. Os candidatos receber\u00e3o o link para o exame ap\u00f3s o resultado das inscri\u00e7\u00f5es deferidas.<\/p>\n<p>Os editais espec\u00edficos com as oportunidades para cada curso e mais informa\u00e7\u00f5es sobre todo o processo seletivo podem ser acessados nos sites a seguir. Neles ser\u00e3o publicados tamb\u00e9m os editais de homologa\u00e7\u00e3o de inscri\u00e7\u00e3o e de todas as etapas seguintes da sele\u00e7\u00e3o.<\/p>\n<p>&nbsp;<\/p>\n<p>&nbsp;<\/p>\n","protected":false},"excerpt":{"rendered":"<p>Fonte: UFMS As p\u00f3s-gradua\u00e7\u00f5es da UFMS est\u00e3o com inscri\u00e7\u00f5es abertas at\u00e9 10 de fevereiro. S\u00e3o mais de 850 vagas em cursos de Mestrado e Doutorado de diversas \u00e1reas do conhecimento, desenvolvidos na Cidade Universit\u00e1ria em Campo Grande e nos c\u00e2mpus de Aquidauana, Chapad\u00e3o do Sul, Pantanal (Corumb\u00e1) e Tr\u00eas Lagoas. Os interessados podem se inscrever gratuitamente no site:\u00a0posgraduacao.ufms.br. Para 2021 o calend\u00e1rio dos processos seletivos para a p\u00f3s-gradua\u00e7\u00e3o foi unificado. \u201cUm per\u00edodo de inscri\u00e7\u00f5es \u00fanico e superior a 30 dias ir\u00e1 propiciar aos candidatos mais tempo para se prepararem para a sele\u00e7\u00e3o. Al\u00e9m disso, o calend\u00e1rio unificado permitiu solicitarmos ao Programa de Extens\u00e3o: Ensino de L\u00ednguas da UFMS (Progeli) a elabora\u00e7\u00e3o de provas tamb\u00e9m unificadas de sufici\u00eancia em l\u00edngua estrangeira para todos os cursos\u201d, explicou o chefe da Coordenadoria de P\u00f3s-gradua\u00e7\u00e3o, vinculada \u00e0 Pr\u00f3-reitoria de Pesquisa e P\u00f3s-Gradua\u00e7\u00e3o (Propp), Al\u00e9m-Mar Bernardes Gon\u00e7alves. As provas de l\u00edngua inglesa e espanhola ser\u00e3o realizadas no formato remoto, com previs\u00e3o de aplica\u00e7\u00e3o em 24 de fevereiro. Os candidatos receber\u00e3o o link para o exame ap\u00f3s o resultado das inscri\u00e7\u00f5es deferidas. Os editais espec\u00edficos com as oportunidades para cada curso e mais informa\u00e7\u00f5es sobre todo o processo seletivo podem ser acessados nos sites a seguir. Neles ser\u00e3o publicados tamb\u00e9m os editais de homologa\u00e7\u00e3o de inscri\u00e7\u00e3o e de todas as etapas seguintes da sele\u00e7\u00e3o. &nbsp; &nbsp;<\/p>\n","protected":false},"author":1,"featured_media":0,"comment_status":"closed","ping_status":"open","sticky":false,"template":"","format":"standard","meta":{"site-sidebar-layout":"default","site-content-layout":"","ast-site-content-layout":"default","site-content-style":"default","site-sidebar-style":"default","ast-global-header-display":"","ast-banner-title-visibility":"","ast-main-header-display":"","ast-hfb-above-header-display":"","ast-hfb-below-header-display":"","ast-hfb-mobile-header-display":"","site-post-title":"","ast-breadcrumbs-content":"","ast-featured-img":"","footer-sml-layout":"","theme-transparent-header-meta":"","adv-header-id-meta":"","stick-header-meta":"","header-above-stick-meta":"","header-main-stick-meta":"","header-below-stick-meta":"","astra-migrate-meta-layouts":"default","ast-page-background-enabled":"default","ast-page-background-meta":{"desktop":{"background-color":"var(--ast-global-color-5)","background-image":"","background-repeat":"repeat","background-position":"center center","background-size":"auto","background-attachment":"scroll","background-type":"","background-media":"","overlay-type":"","overlay-color":"","overlay-opacity":"","overlay-gradient":""},"tablet":{"background-color":"","background-image":"","background-repeat":"repeat","background-position":"center center","background-size":"auto","background-attachment":"scroll","background-type":"","background-media":"","overlay-type":"","overlay-color":"","overlay-opacity":"","overlay-gradient":""},"mobile":{"background-color":"","background-image":"","background-repeat":"repeat","background-position":"center center","background-size":"auto","background-attachment":"scroll","background-type":"","background-media":"","overlay-type":"","overlay-color":"","overlay-opacity":"","overlay-gradient":""}},"ast-content-background-meta":{"desktop":{"background-color":"var(--ast-global-color-4)","background-image":"","background-repeat":"repeat","background-position":"center center","background-size":"auto","background-attachment":"scroll","background-type":"","background-media":"","overlay-type":"","overlay-color":"","overlay-opacity":"","overlay-gradient":""},"tablet":{"background-color":"var(--ast-global-color-4)","background-image":"","background-repeat":"repeat","background-position":"center center","background-size":"auto","background-attachment":"scroll","background-type":"","background-media":"","overlay-type":"","overlay-color":"","overlay-opacity":"","overlay-gradient":""},"mobile":{"background-color":"var(--ast-global-color-4)","background-image":"","background-repeat":"repeat","background-position":"center center","background-size":"auto","background-attachment":"scroll","background-type":"","background-media":"","overlay-type":"","overlay-color":"","overlay-opacity":"","overlay-gradient":""}},"footnotes":""},"categories":[48],"tags":[],"class_list":["post-4190","post","type-post","status-publish","format-standard","hentry","category-oportunidades"],"_links":{"self":[{"href":"https:\/\/clientes.jusanalytics.com.br\/professor\/wp-json\/wp\/v2\/posts\/4190","targetHints":{"allow":["GET"]}}],"collection":[{"href":"https:\/\/clientes.jusanalytics.com.br\/professor\/wp-json\/wp\/v2\/posts"}],"about":[{"href":"https:\/\/clientes.jusanalytics.com.br\/professor\/wp-json\/wp\/v2\/types\/post"}],"author":[{"embeddable":true,"href":"https:\/\/clientes.jusanalytics.com.br\/professor\/wp-json\/wp\/v2\/users\/1"}],"replies":[{"embeddable":true,"href":"https:\/\/clientes.jusanalytics.com.br\/professor\/wp-json\/wp\/v2\/comments?post=4190"}],"version-history":[{"count":0,"href":"https:\/\/clientes.jusanalytics.com.br\/professor\/wp-json\/wp\/v2\/posts\/4190\/revisions"}],"wp:attachment":[{"href":"https:\/\/clientes.jusanalytics.com.br\/professor\/wp-json\/wp\/v2\/media?parent=4190"}],"wp:term":[{"taxonomy":"category","embeddable":true,"href":"https:\/\/clientes.jusanalytics.com.br\/professor\/wp-json\/wp\/v2\/categories?post=4190"},{"taxonomy":"post_tag","embeddable":true,"href":"https:\/\/clientes.jusanalytics.com.br\/professor\/wp-json\/wp\/v2\/tags?post=4190"}],"curies":[{"name":"wp","href":"https:\/\/api.w.org\/{rel}","templated":true}]}}