{"id":4186,"date":"2021-01-05T17:07:46","date_gmt":"2021-01-05T20:07:46","guid":{"rendered":"https:\/\/www.professorvladmirsilveira.com.br\/\/?p=4186"},"modified":"2021-01-05T17:07:46","modified_gmt":"2021-01-05T20:07:46","slug":"chamada-para-submissao-de-artigos-para-a-revista-de-direito-internacional-e-direitos-humanos-da-universidade-federal-do-rio-de-janeiro","status":"publish","type":"post","link":"https:\/\/clientes.jusanalytics.com.br\/professor\/2021\/01\/05\/chamada-para-submissao-de-artigos-para-a-revista-de-direito-internacional-e-direitos-humanos-da-universidade-federal-do-rio-de-janeiro\/","title":{"rendered":"Chamada para submiss\u00e3o de artigos para a Revista de Direito Internacional e Direitos Humanos da Universidade Federal do Rio de Janeiro"},"content":{"rendered":"<p style=\"padding-left: 30px;\"><strong>Est\u00e1 aberta a chamada para submiss\u00e3o de artigos para a Revista de Direito Internacional e Direitos Humanos da Universidade Federal do Rio de Janeiro \u2013 Inter.<\/strong><\/p>\n<p style=\"padding-left: 30px;\"><strong>A Inter foi criada em 2018, possui publica\u00e7\u00e3o semestral e versa sobre quest\u00f5es internacionais no sentido lato da express\u00e3o, sendo certo que assuntos relativos aos direitos humanos, direito humanit\u00e1rio, direito dos refugiados e sistemas regionais de prote\u00e7\u00e3o ganhar\u00e3o destaque em suas publica\u00e7\u00f5es.<\/strong><\/p>\n<p style=\"padding-left: 30px;\"><strong>As submiss\u00f5es podem ser enviadas pelo site do peri\u00f3dico:\u00a0<a href=\"https:\/\/bit.ly\/3nlTa6t\">https:\/\/bit.ly\/3nlTa6t\u00a0<\/a><\/strong><\/p>\n<p>&nbsp;<\/p>\n<p style=\"padding-left: 30px;\">\n","protected":false},"excerpt":{"rendered":"<p>Est\u00e1 aberta a chamada para submiss\u00e3o de artigos para a Revista de Direito Internacional e Direitos Humanos da Universidade Federal do Rio de Janeiro \u2013 Inter. A Inter foi criada em 2018, possui publica\u00e7\u00e3o semestral e versa sobre quest\u00f5es internacionais no sentido lato da express\u00e3o, sendo certo que assuntos relativos aos direitos humanos, direito humanit\u00e1rio, direito dos refugiados e sistemas regionais de prote\u00e7\u00e3o ganhar\u00e3o destaque em suas publica\u00e7\u00f5es. As submiss\u00f5es podem ser enviadas pelo site do peri\u00f3dico:\u00a0https:\/\/bit.ly\/3nlTa6t\u00a0 &nbsp;<\/p>\n","protected":false},"author":1,"featured_media":0,"comment_status":"closed","ping_status":"open","sticky":false,"template":"","format":"standard","meta":{"site-sidebar-layout":"default","site-content-layout":"","ast-site-content-layout":"default","site-content-style":"default","site-sidebar-style":"default","ast-global-header-display":"","ast-banner-title-visibility":"","ast-main-header-display":"","ast-hfb-above-header-display":"","ast-hfb-below-header-display":"","ast-hfb-mobile-header-display":"","site-post-title":"","ast-breadcrumbs-content":"","ast-featured-img":"","footer-sml-layout":"","theme-transparent-header-meta":"","adv-header-id-meta":"","stick-header-meta":"","header-above-stick-meta":"","header-main-stick-meta":"","header-below-stick-meta":"","astra-migrate-meta-layouts":"default","ast-page-background-enabled":"default","ast-page-background-meta":{"desktop":{"background-color":"var(--ast-global-color-5)","background-image":"","background-repeat":"repeat","background-position":"center center","background-size":"auto","background-attachment":"scroll","background-type":"","background-media":"","overlay-type":"","overlay-color":"","overlay-opacity":"","overlay-gradient":""},"tablet":{"background-color":"","background-image":"","background-repeat":"repeat","background-position":"center center","background-size":"auto","background-attachment":"scroll","background-type":"","background-media":"","overlay-type":"","overlay-color":"","overlay-opacity":"","overlay-gradient":""},"mobile":{"background-color":"","background-image":"","background-repeat":"repeat","background-position":"center center","background-size":"auto","background-attachment":"scroll","background-type":"","background-media":"","overlay-type":"","overlay-color":"","overlay-opacity":"","overlay-gradient":""}},"ast-content-background-meta":{"desktop":{"background-color":"var(--ast-global-color-4)","background-image":"","background-repeat":"repeat","background-position":"center center","background-size":"auto","background-attachment":"scroll","background-type":"","background-media":"","overlay-type":"","overlay-color":"","overlay-opacity":"","overlay-gradient":""},"tablet":{"background-color":"var(--ast-global-color-4)","background-image":"","background-repeat":"repeat","background-position":"center center","background-size":"auto","background-attachment":"scroll","background-type":"","background-media":"","overlay-type":"","overlay-color":"","overlay-opacity":"","overlay-gradient":""},"mobile":{"background-color":"var(--ast-global-color-4)","background-image":"","background-repeat":"repeat","background-position":"center center","background-size":"auto","background-attachment":"scroll","background-type":"","background-media":"","overlay-type":"","overlay-color":"","overlay-opacity":"","overlay-gradient":""}},"footnotes":""},"categories":[48],"tags":[],"class_list":["post-4186","post","type-post","status-publish","format-standard","hentry","category-oportunidades"],"_links":{"self":[{"href":"https:\/\/clientes.jusanalytics.com.br\/professor\/wp-json\/wp\/v2\/posts\/4186","targetHints":{"allow":["GET"]}}],"collection":[{"href":"https:\/\/clientes.jusanalytics.com.br\/professor\/wp-json\/wp\/v2\/posts"}],"about":[{"href":"https:\/\/clientes.jusanalytics.com.br\/professor\/wp-json\/wp\/v2\/types\/post"}],"author":[{"embeddable":true,"href":"https:\/\/clientes.jusanalytics.com.br\/professor\/wp-json\/wp\/v2\/users\/1"}],"replies":[{"embeddable":true,"href":"https:\/\/clientes.jusanalytics.com.br\/professor\/wp-json\/wp\/v2\/comments?post=4186"}],"version-history":[{"count":0,"href":"https:\/\/clientes.jusanalytics.com.br\/professor\/wp-json\/wp\/v2\/posts\/4186\/revisions"}],"wp:attachment":[{"href":"https:\/\/clientes.jusanalytics.com.br\/professor\/wp-json\/wp\/v2\/media?parent=4186"}],"wp:term":[{"taxonomy":"category","embeddable":true,"href":"https:\/\/clientes.jusanalytics.com.br\/professor\/wp-json\/wp\/v2\/categories?post=4186"},{"taxonomy":"post_tag","embeddable":true,"href":"https:\/\/clientes.jusanalytics.com.br\/professor\/wp-json\/wp\/v2\/tags?post=4186"}],"curies":[{"name":"wp","href":"https:\/\/api.w.org\/{rel}","templated":true}]}}