{"id":4081,"date":"2020-10-22T07:28:29","date_gmt":"2020-10-22T10:28:29","guid":{"rendered":"https:\/\/www.professorvladmirsilveira.com.br\/\/?p=4081"},"modified":"2020-10-22T07:28:29","modified_gmt":"2020-10-22T10:28:29","slug":"27-de-outubro-webinario-urbanizacao-e-mudancas-climaticas-fapesp","status":"publish","type":"post","link":"https:\/\/clientes.jusanalytics.com.br\/professor\/2020\/10\/22\/27-de-outubro-webinario-urbanizacao-e-mudancas-climaticas-fapesp\/","title":{"rendered":"27 de outubro &#8211; Webin\u00e1rio Urbaniza\u00e7\u00e3o e Mudan\u00e7as Clim\u00e1ticas &#8211; FAPESP"},"content":{"rendered":"<h4 style=\"text-align: center;\">27 de outubro (ter\u00e7a-feira) &#8211; 14h \u00e0s 16h<\/h4>\n<p>Mais de 80% da popula\u00e7\u00e3o brasileira vive em cidades. A quest\u00e3o urbana \u00e9 chave para as mudan\u00e7as clim\u00e1ticas. As estrat\u00e9gias de mitiga\u00e7\u00e3o e adapta\u00e7\u00e3o devem levar em conta aspectos como habitabilidade, conforto t\u00e9rmico, sa\u00fade, mobilidade, planejamento urbano entre outros temas. Entre as a\u00e7\u00f5es priorit\u00e1rias que devem ser abordadas neste evento est\u00e3o: Solu\u00e7\u00f5es para a mobilidade urbana; uso e ocupa\u00e7\u00e3o do solo; Sistemas inteligentes integrados; Seguran\u00e7a h\u00eddrica e Redu\u00e7\u00e3o da polui\u00e7\u00e3o do ar, ecologia urbana e gest\u00e3o de res\u00edduos s\u00f3lidos e l\u00edquidos urbanos e industriais. A sustentabilidade das cidades \u00e9 chave para melhorar a resili\u00eancia de nossa sociedade.<\/p>\n<p><b>Moderador:<\/b> <b><a href=\"https:\/\/bv.fapesp.br\/pt\/pesquisador\/438\/paulo-eduardo-artaxo-netto\" target=\"_blank\" rel=\"noopener\">Paulo Artaxo<\/a><\/b> &#8211; Membro da Coordena\u00e7\u00e3o do Programa FAPESP de Mudan\u00e7as Clim\u00e1ticas Globais (PFPMCG)<\/p>\n<p><strong>Palestrantes:<\/strong><\/p>\n<p><strong><a href=\"http:\/\/www.dau.puc-rio.br\/pessoas\/?pageId=36&amp;id=164\" target=\"_blank\" rel=\"noopener\">Maria Fernanda Campos Lemos<\/a><\/strong> &#8211; PUC-Rio<\/p>\n<p><a href=\"https:\/\/bv.fapesp.br\/pt\/pesquisador\/2055\/maria-de-fatima-andrade\/\" target=\"_blank\" rel=\"noopener\"><strong>Maria de Fatima Andrade<\/strong><\/a> &#8211; IAG-USP<\/p>\n<p><a href=\"https:\/\/bv.fapesp.br\/pt\/pesquisador\/89956\/paulo-renato-mesquita-pellegrino\/\" target=\"_blank\" rel=\"noopener\"><strong>Paulo Pellegrini<\/strong><\/a> &#8211; FAU-USP<\/p>\n<p><a href=\"http:\/\/buscatextual.cnpq.br\/buscatextual\/visualizacv.do?id=K4707533J9\" target=\"_blank\" rel=\"noopener\"><strong>Alisson Fl\u00e1vio Barbieri<\/strong><\/a> &#8211; Geografia UFMGWe<\/p>\n<p>&nbsp;<\/p>\n<p>Inscri\u00e7\u00f5es:<\/p>\n<p><a href=\"https:\/\/fapesp.br\/eventos\/pfpmcg5\/inscricao\">https:\/\/fapesp.br\/eventos\/pfpmcg5\/inscricao\u00a0<\/a><\/p>\n<p>&nbsp;<\/p>\n","protected":false},"excerpt":{"rendered":"<p>27 de outubro (ter\u00e7a-feira) &#8211; 14h \u00e0s 16h Mais de 80% da popula\u00e7\u00e3o brasileira vive em cidades. A quest\u00e3o urbana \u00e9 chave para as mudan\u00e7as clim\u00e1ticas. As estrat\u00e9gias de mitiga\u00e7\u00e3o e adapta\u00e7\u00e3o devem levar em conta aspectos como habitabilidade, conforto t\u00e9rmico, sa\u00fade, mobilidade, planejamento urbano entre outros temas. Entre as a\u00e7\u00f5es priorit\u00e1rias que devem ser abordadas neste evento est\u00e3o: Solu\u00e7\u00f5es para a mobilidade urbana; uso e ocupa\u00e7\u00e3o do solo; Sistemas inteligentes integrados; Seguran\u00e7a h\u00eddrica e Redu\u00e7\u00e3o da polui\u00e7\u00e3o do ar, ecologia urbana e gest\u00e3o de res\u00edduos s\u00f3lidos e l\u00edquidos urbanos e industriais. A sustentabilidade das cidades \u00e9 chave para melhorar a resili\u00eancia de nossa sociedade. Moderador: Paulo Artaxo &#8211; Membro da Coordena\u00e7\u00e3o do Programa FAPESP de Mudan\u00e7as Clim\u00e1ticas Globais (PFPMCG) Palestrantes: Maria Fernanda Campos Lemos &#8211; PUC-Rio Maria de Fatima Andrade &#8211; IAG-USP Paulo Pellegrini &#8211; FAU-USP Alisson Fl\u00e1vio Barbieri &#8211; Geografia UFMGWe &nbsp; Inscri\u00e7\u00f5es: https:\/\/fapesp.br\/eventos\/pfpmcg5\/inscricao\u00a0 &nbsp;<\/p>\n","protected":false},"author":1,"featured_media":0,"comment_status":"closed","ping_status":"open","sticky":false,"template":"","format":"standard","meta":{"site-sidebar-layout":"default","site-content-layout":"","ast-site-content-layout":"default","site-content-style":"default","site-sidebar-style":"default","ast-global-header-display":"","ast-banner-title-visibility":"","ast-main-header-display":"","ast-hfb-above-header-display":"","ast-hfb-below-header-display":"","ast-hfb-mobile-header-display":"","site-post-title":"","ast-breadcrumbs-content":"","ast-featured-img":"","footer-sml-layout":"","theme-transparent-header-meta":"","adv-header-id-meta":"","stick-header-meta":"","header-above-stick-meta":"","header-main-stick-meta":"","header-below-stick-meta":"","astra-migrate-meta-layouts":"default","ast-page-background-enabled":"default","ast-page-background-meta":{"desktop":{"background-color":"var(--ast-global-color-5)","background-image":"","background-repeat":"repeat","background-position":"center center","background-size":"auto","background-attachment":"scroll","background-type":"","background-media":"","overlay-type":"","overlay-color":"","overlay-opacity":"","overlay-gradient":""},"tablet":{"background-color":"","background-image":"","background-repeat":"repeat","background-position":"center center","background-size":"auto","background-attachment":"scroll","background-type":"","background-media":"","overlay-type":"","overlay-color":"","overlay-opacity":"","overlay-gradient":""},"mobile":{"background-color":"","background-image":"","background-repeat":"repeat","background-position":"center center","background-size":"auto","background-attachment":"scroll","background-type":"","background-media":"","overlay-type":"","overlay-color":"","overlay-opacity":"","overlay-gradient":""}},"ast-content-background-meta":{"desktop":{"background-color":"var(--ast-global-color-4)","background-image":"","background-repeat":"repeat","background-position":"center center","background-size":"auto","background-attachment":"scroll","background-type":"","background-media":"","overlay-type":"","overlay-color":"","overlay-opacity":"","overlay-gradient":""},"tablet":{"background-color":"var(--ast-global-color-4)","background-image":"","background-repeat":"repeat","background-position":"center center","background-size":"auto","background-attachment":"scroll","background-type":"","background-media":"","overlay-type":"","overlay-color":"","overlay-opacity":"","overlay-gradient":""},"mobile":{"background-color":"var(--ast-global-color-4)","background-image":"","background-repeat":"repeat","background-position":"center center","background-size":"auto","background-attachment":"scroll","background-type":"","background-media":"","overlay-type":"","overlay-color":"","overlay-opacity":"","overlay-gradient":""}},"footnotes":""},"categories":[130],"tags":[],"class_list":["post-4081","post","type-post","status-publish","format-standard","hentry","category-eventos"],"_links":{"self":[{"href":"https:\/\/clientes.jusanalytics.com.br\/professor\/wp-json\/wp\/v2\/posts\/4081","targetHints":{"allow":["GET"]}}],"collection":[{"href":"https:\/\/clientes.jusanalytics.com.br\/professor\/wp-json\/wp\/v2\/posts"}],"about":[{"href":"https:\/\/clientes.jusanalytics.com.br\/professor\/wp-json\/wp\/v2\/types\/post"}],"author":[{"embeddable":true,"href":"https:\/\/clientes.jusanalytics.com.br\/professor\/wp-json\/wp\/v2\/users\/1"}],"replies":[{"embeddable":true,"href":"https:\/\/clientes.jusanalytics.com.br\/professor\/wp-json\/wp\/v2\/comments?post=4081"}],"version-history":[{"count":0,"href":"https:\/\/clientes.jusanalytics.com.br\/professor\/wp-json\/wp\/v2\/posts\/4081\/revisions"}],"wp:attachment":[{"href":"https:\/\/clientes.jusanalytics.com.br\/professor\/wp-json\/wp\/v2\/media?parent=4081"}],"wp:term":[{"taxonomy":"category","embeddable":true,"href":"https:\/\/clientes.jusanalytics.com.br\/professor\/wp-json\/wp\/v2\/categories?post=4081"},{"taxonomy":"post_tag","embeddable":true,"href":"https:\/\/clientes.jusanalytics.com.br\/professor\/wp-json\/wp\/v2\/tags?post=4081"}],"curies":[{"name":"wp","href":"https:\/\/api.w.org\/{rel}","templated":true}]}}