{"id":3766,"date":"2020-08-20T15:31:23","date_gmt":"2020-08-20T18:31:23","guid":{"rendered":"https:\/\/www.professorvladmirsilveira.com.br\/\/?p=3766"},"modified":"2020-08-20T15:31:23","modified_gmt":"2020-08-20T18:31:23","slug":"congresso-anpg","status":"publish","type":"post","link":"https:\/\/clientes.jusanalytics.com.br\/professor\/2020\/08\/20\/congresso-anpg\/","title":{"rendered":"14 e 19 de setembro &#8211; XXVII Congresso da ANPG"},"content":{"rendered":"<p>A Associa\u00e7\u00e3o Nacional de P\u00f3s-Graduandos (ANPG) realizou a reuni\u00e3o de sua diretoria neste domingo, 16 de agosto, e referendou a nova data do 27\u00ba Congresso da entidade, a ser realizado entre os dias 14 e 19 de setembro, em ambiente virtual. O encontro debateu tamb\u00e9m o balan\u00e7o da gest\u00e3o cessante, conjuntura e perspectivas da ci\u00eancia e tecnologia e p\u00f3s-gradua\u00e7\u00e3o, a convoca\u00e7\u00e3o do II Encontro de Mulheres P\u00f3s-Graduandas e a extraordin\u00e1ria 43\u00aa edi\u00e7\u00e3o do Conselho Nacional de Associa\u00e7\u00f5es de P\u00f3s-Graduandos (CONAP).<\/p>\n<p>No dia 12 de agosto, conforme previsto no Estatuto da entidade e regimento, a diretoria Executiva havia deliberado sobre as novas datas e formato do 27\u00ba Congresso, que teve de ser adiado em virtude da pandemia de COVID-19 que desde mar\u00e7o assola o pa\u00eds. <a href=\"http:\/\/www.anpg.org.br\/wp-content\/uploads\/2020\/07\/Informativo-ANPG_18-4.pdf.\">Veja a nota aqui.<\/a><\/p>\n<p>&nbsp;<\/p>\n<p>O tema do evento ser\u00e1 \u201cPacto pela vida e pela democracia \u2013 P\u00f3s-graduandos (as) em defesa da ci\u00eancia e do (a) pesquisador (a)\u201d. A programa\u00e7\u00e3o prev\u00ea a realiza\u00e7\u00e3o de seis grandes debates virtuais abertos, sobre temas diversificados, sempre \u00e0s 15 horas de cada dia. O 43\u00ba Conselho Nacional de Associa\u00e7\u00f5es de P\u00f3s-Graduandos (CONAP) ser\u00e1 na sexta-feira, 18 de setembro, \u00e0s 10h, e se debru\u00e7ar\u00e1 sobre as pautas pol\u00edticas da entidade.<\/p>\n<p>O s\u00e1bado, dia 19, ser\u00e1 reservado para a plen\u00e1ria final do Congresso, com participa\u00e7\u00e3o dos delegados natos, que, conforme prev\u00ea o estatuto, s\u00e3o os diretores atuais. A esses delegados e delegadas caber\u00e1 a elei\u00e7\u00e3o de uma nova diretoria tempor\u00e1ria e a delibera\u00e7\u00e3o sobre as propostas debatidas no Conap.<\/p>\n<p>Para Fl\u00e1via Cal\u00e9, presidenta da ANPG, a pandemia imp\u00f5e novas din\u00e2micas de organiza\u00e7\u00e3o e n\u00e3o pode paralisar os movimentos. \u201cA pandemia trouxe uma s\u00e9rie de novos desafios. Um deles \u00e9 a necessidade de reinventar as formas de atua\u00e7\u00e3o, travar o debate democr\u00e1tico e organizar as lutas para resistir aos ataques do governo Bolsonaro \u00e0 democracia, \u00e0 ci\u00eancia e \u00e0 educa\u00e7\u00e3o. O 27\u00ba Congresso da ANPG \u00e9 um cap\u00edtulo importante dessa jornada\u201d, afirma.<\/p>\n<p>As inscri\u00e7\u00f5es para participar do 27\u00ba Congresso da ANPG e do 43\u00ba dever\u00e3o ser feitas atrav\u00e9s de site espec\u00edfico, que ser\u00e1 lan\u00e7ado no pr\u00f3ximo dia 24 de agosto e divulgado atrav\u00e9s das redes sociais da entidade. Fique Ligado!<\/p>\n<p>Veja os documentos:<\/p>\n<p><a href=\"http:\/\/www.anpg.org.br\/wp-content\/uploads\/2020\/08\/II-nota-informativa.pdf\">II Nota Informativa aos Estudantes de P\u00f3s-Gradua\u00e7\u00e3o e Movimento Nacional de P\u00f3s-Graduandos<\/a><\/p>\n<p><a href=\"http:\/\/www.anpg.org.br\/wp-content\/uploads\/2020\/08\/Edital-de-convoca%C3%A7%C3%A3o-27-CNPG-ok.pdf\">Edital de Convoca\u00e7\u00e3o do XXVII CNPG<\/a><\/p>\n<p><a href=\"http:\/\/www.anpg.org.br\/wp-content\/uploads\/2020\/08\/REGIMENTO-GERAL-DO-XXVII-CNPG-2.pdf\">Regimento Interno do 27\u00ba Congresso da ANPG<\/a><\/p>\n<p><a href=\"http:\/\/www.anpg.org.br\/wp-content\/uploads\/2020\/08\/Edital-convocacao-43-conap.pdf\">Convoca\u00e7\u00e3o do 43\u00ba CONAP\u00a0<\/a><\/p>\n<p><strong>Confira a programa\u00e7\u00e3o do 27\u00ba Congresso da ANPG<\/strong><\/p>\n<p>14\/09 \u2013 Segunda-feira<br \/>\n11hs \u2013 abertura<br \/>\n15hs \u2013 Mesa de debate \u2013 Crise econ\u00f4mica e impactos no financiamento da educa\u00e7\u00e3o e pesquisa<\/p>\n<p>15\/09 \u2013 Ter\u00e7a-feira<br \/>\n15h \u2013 Mesa de debate \u2013 Construindo o novo Plano Nacional de P\u00f3s-Gradua\u00e7\u00e3o.<\/p>\n<p>16\/09 \u2013 Quarta-feira<br \/>\n15h \u2013 Mesa de debate \u2013 Desafios da pesquisa e das universidades na Am\u00e9rica Latina no contexto da (p\u00f3s) pandemia.<\/p>\n<p>17\/09 \u2013 Quinta-feira<br \/>\n15h \u2013 Mesa de debate \u2013 A condi\u00e7\u00e3o dos p\u00f3s-graduandos no contexto da pandemia: acesso, perman\u00eancia, direitos e sa\u00fade mental.<\/p>\n<p>18\/09 \u2013 Sexta-feira<br \/>\n10hs \u2013 43\u00ba Conselho Nacional de Associa\u00e7\u00f5es de P\u00f3s-Graduandos<br \/>\nMesa de debate \u2013 Pacto pela vida e pela democracia \u2013 P\u00f3s-graduandos (as) em defesa da ci\u00eancia e do (a) pesquisador (a)<\/p>\n<p>19\/09 \u2013 S\u00e1bado<br \/>\n10h \u2013 Plen\u00e1ria final do congresso da ANPG.<br \/>\nMesa de debate \u2013 Desafios e perspectivas da educa\u00e7\u00e3o e da ci\u00eancia no Brasil<\/p>\n<p>&nbsp;<\/p>\n<p>FONTE: ANPG<\/p>\n<p>&nbsp;<\/p>\n<p>&nbsp;<\/p>\n<p>&nbsp;<\/p>\n<p>&nbsp;<\/p>\n","protected":false},"excerpt":{"rendered":"<p>A Associa\u00e7\u00e3o Nacional de P\u00f3s-Graduandos (ANPG) realizou a reuni\u00e3o de sua diretoria neste domingo, 16 de agosto, e referendou a nova data do 27\u00ba Congresso da entidade, a ser realizado entre os dias 14 e 19 de setembro, em ambiente virtual. O encontro debateu tamb\u00e9m o balan\u00e7o da gest\u00e3o cessante, conjuntura e perspectivas da ci\u00eancia e tecnologia e p\u00f3s-gradua\u00e7\u00e3o, a convoca\u00e7\u00e3o do II Encontro de Mulheres P\u00f3s-Graduandas e a extraordin\u00e1ria 43\u00aa edi\u00e7\u00e3o do Conselho Nacional de Associa\u00e7\u00f5es de P\u00f3s-Graduandos (CONAP). No dia 12 de agosto, conforme previsto no Estatuto da entidade e regimento, a diretoria Executiva havia deliberado sobre as novas datas e formato do 27\u00ba Congresso, que teve de ser adiado em virtude da pandemia de COVID-19 que desde mar\u00e7o assola o pa\u00eds. Veja a nota aqui. &nbsp; O tema do evento ser\u00e1 \u201cPacto pela vida e pela democracia \u2013 P\u00f3s-graduandos (as) em defesa da ci\u00eancia e do (a) pesquisador (a)\u201d. A programa\u00e7\u00e3o prev\u00ea a realiza\u00e7\u00e3o de seis grandes debates virtuais abertos, sobre temas diversificados, sempre \u00e0s 15 horas de cada dia. O 43\u00ba Conselho Nacional de Associa\u00e7\u00f5es de P\u00f3s-Graduandos (CONAP) ser\u00e1 na sexta-feira, 18 de setembro, \u00e0s 10h, e se debru\u00e7ar\u00e1 sobre as pautas pol\u00edticas da entidade. O s\u00e1bado, dia 19, ser\u00e1 reservado para a plen\u00e1ria final do Congresso, com participa\u00e7\u00e3o dos delegados natos, que, conforme prev\u00ea o estatuto, s\u00e3o os diretores atuais. A esses delegados e delegadas caber\u00e1 a elei\u00e7\u00e3o de uma nova diretoria tempor\u00e1ria e a delibera\u00e7\u00e3o sobre as propostas debatidas no Conap. Para Fl\u00e1via Cal\u00e9, presidenta da ANPG, a pandemia imp\u00f5e novas din\u00e2micas de organiza\u00e7\u00e3o e n\u00e3o pode paralisar os movimentos. \u201cA pandemia trouxe uma s\u00e9rie de novos desafios. Um deles \u00e9 a necessidade de reinventar as formas de atua\u00e7\u00e3o, travar o debate democr\u00e1tico e organizar as lutas para resistir aos ataques do governo Bolsonaro \u00e0 democracia, \u00e0 ci\u00eancia e \u00e0 educa\u00e7\u00e3o. O 27\u00ba Congresso da ANPG \u00e9 um cap\u00edtulo importante dessa jornada\u201d, afirma. As inscri\u00e7\u00f5es para participar do 27\u00ba Congresso da ANPG e do 43\u00ba dever\u00e3o ser feitas atrav\u00e9s de site espec\u00edfico, que ser\u00e1 lan\u00e7ado no pr\u00f3ximo dia 24 de agosto e divulgado atrav\u00e9s das redes sociais da entidade. Fique Ligado! Veja os documentos: II Nota Informativa aos Estudantes de P\u00f3s-Gradua\u00e7\u00e3o e Movimento Nacional de P\u00f3s-Graduandos Edital de Convoca\u00e7\u00e3o do XXVII CNPG Regimento Interno do 27\u00ba Congresso da ANPG Convoca\u00e7\u00e3o do 43\u00ba CONAP\u00a0 Confira a programa\u00e7\u00e3o do 27\u00ba Congresso da ANPG 14\/09 \u2013 Segunda-feira 11hs \u2013 abertura 15hs \u2013 Mesa de debate \u2013 Crise econ\u00f4mica e impactos no financiamento da educa\u00e7\u00e3o e pesquisa 15\/09 \u2013 Ter\u00e7a-feira 15h \u2013 Mesa de debate \u2013 Construindo o novo Plano Nacional de P\u00f3s-Gradua\u00e7\u00e3o. 16\/09 \u2013 Quarta-feira 15h \u2013 Mesa de debate \u2013 Desafios da pesquisa e das universidades na Am\u00e9rica Latina no contexto da (p\u00f3s) pandemia. 17\/09 \u2013 Quinta-feira 15h \u2013 Mesa de debate \u2013 A condi\u00e7\u00e3o dos p\u00f3s-graduandos no contexto da pandemia: acesso, perman\u00eancia, direitos e sa\u00fade mental. 18\/09 \u2013 Sexta-feira 10hs \u2013 43\u00ba Conselho Nacional de Associa\u00e7\u00f5es de P\u00f3s-Graduandos Mesa de debate \u2013 Pacto pela vida e pela democracia \u2013 P\u00f3s-graduandos (as) em defesa da ci\u00eancia e do (a) pesquisador (a) 19\/09 \u2013 S\u00e1bado 10h \u2013 Plen\u00e1ria final do congresso da ANPG. Mesa de debate \u2013 Desafios e perspectivas da educa\u00e7\u00e3o e da ci\u00eancia no Brasil &nbsp; FONTE: ANPG &nbsp; &nbsp; &nbsp; &nbsp;<\/p>\n","protected":false},"author":1,"featured_media":0,"comment_status":"closed","ping_status":"open","sticky":false,"template":"","format":"standard","meta":{"site-sidebar-layout":"default","site-content-layout":"","ast-site-content-layout":"default","site-content-style":"default","site-sidebar-style":"default","ast-global-header-display":"","ast-banner-title-visibility":"","ast-main-header-display":"","ast-hfb-above-header-display":"","ast-hfb-below-header-display":"","ast-hfb-mobile-header-display":"","site-post-title":"","ast-breadcrumbs-content":"","ast-featured-img":"","footer-sml-layout":"","theme-transparent-header-meta":"","adv-header-id-meta":"","stick-header-meta":"","header-above-stick-meta":"","header-main-stick-meta":"","header-below-stick-meta":"","astra-migrate-meta-layouts":"default","ast-page-background-enabled":"default","ast-page-background-meta":{"desktop":{"background-color":"var(--ast-global-color-5)","background-image":"","background-repeat":"repeat","background-position":"center center","background-size":"auto","background-attachment":"scroll","background-type":"","background-media":"","overlay-type":"","overlay-color":"","overlay-opacity":"","overlay-gradient":""},"tablet":{"background-color":"","background-image":"","background-repeat":"repeat","background-position":"center center","background-size":"auto","background-attachment":"scroll","background-type":"","background-media":"","overlay-type":"","overlay-color":"","overlay-opacity":"","overlay-gradient":""},"mobile":{"background-color":"","background-image":"","background-repeat":"repeat","background-position":"center center","background-size":"auto","background-attachment":"scroll","background-type":"","background-media":"","overlay-type":"","overlay-color":"","overlay-opacity":"","overlay-gradient":""}},"ast-content-background-meta":{"desktop":{"background-color":"var(--ast-global-color-4)","background-image":"","background-repeat":"repeat","background-position":"center center","background-size":"auto","background-attachment":"scroll","background-type":"","background-media":"","overlay-type":"","overlay-color":"","overlay-opacity":"","overlay-gradient":""},"tablet":{"background-color":"var(--ast-global-color-4)","background-image":"","background-repeat":"repeat","background-position":"center center","background-size":"auto","background-attachment":"scroll","background-type":"","background-media":"","overlay-type":"","overlay-color":"","overlay-opacity":"","overlay-gradient":""},"mobile":{"background-color":"var(--ast-global-color-4)","background-image":"","background-repeat":"repeat","background-position":"center center","background-size":"auto","background-attachment":"scroll","background-type":"","background-media":"","overlay-type":"","overlay-color":"","overlay-opacity":"","overlay-gradient":""}},"footnotes":""},"categories":[117],"tags":[131,132,133],"class_list":["post-3766","post","type-post","status-publish","format-standard","hentry","category-eventos-realizados","tag-anpg","tag-associacao-nacional-de-pos-graduandos","tag-congresso"],"_links":{"self":[{"href":"https:\/\/clientes.jusanalytics.com.br\/professor\/wp-json\/wp\/v2\/posts\/3766","targetHints":{"allow":["GET"]}}],"collection":[{"href":"https:\/\/clientes.jusanalytics.com.br\/professor\/wp-json\/wp\/v2\/posts"}],"about":[{"href":"https:\/\/clientes.jusanalytics.com.br\/professor\/wp-json\/wp\/v2\/types\/post"}],"author":[{"embeddable":true,"href":"https:\/\/clientes.jusanalytics.com.br\/professor\/wp-json\/wp\/v2\/users\/1"}],"replies":[{"embeddable":true,"href":"https:\/\/clientes.jusanalytics.com.br\/professor\/wp-json\/wp\/v2\/comments?post=3766"}],"version-history":[{"count":0,"href":"https:\/\/clientes.jusanalytics.com.br\/professor\/wp-json\/wp\/v2\/posts\/3766\/revisions"}],"wp:attachment":[{"href":"https:\/\/clientes.jusanalytics.com.br\/professor\/wp-json\/wp\/v2\/media?parent=3766"}],"wp:term":[{"taxonomy":"category","embeddable":true,"href":"https:\/\/clientes.jusanalytics.com.br\/professor\/wp-json\/wp\/v2\/categories?post=3766"},{"taxonomy":"post_tag","embeddable":true,"href":"https:\/\/clientes.jusanalytics.com.br\/professor\/wp-json\/wp\/v2\/tags?post=3766"}],"curies":[{"name":"wp","href":"https:\/\/api.w.org\/{rel}","templated":true}]}}