{"id":2971,"date":"2020-05-14T06:03:12","date_gmt":"2020-05-14T09:03:12","guid":{"rendered":"https:\/\/www.professorvladmirsilveira.com.br\/\/?p=2971"},"modified":"2020-05-14T06:03:12","modified_gmt":"2020-05-14T09:03:12","slug":"ufms-abre-processo-seletivo-na-pos-em-seguranca-publica","status":"publish","type":"post","link":"https:\/\/clientes.jusanalytics.com.br\/professor\/2020\/05\/14\/ufms-abre-processo-seletivo-na-pos-em-seguranca-publica\/","title":{"rendered":"UFMS abre processo seletivo para professores e tutores atuarem na P\u00f3s em Seguran\u00e7a P\u00fablica"},"content":{"rendered":"<p>Est\u00e3o abertas at\u00e9 14 de junho as inscri\u00e7\u00f5es para o processo seletivo de professores e tutores presenciais e a dist\u00e2ncia atuarem no curso de Especializa\u00e7\u00e3o em Gest\u00e3o em Seguran\u00e7a P\u00fablica. Trata-se de uma iniciativa em parceria com a Universidade Aberta do Brasil (UAB), fomentada pela CAPES e ofertado pela Faculdade de Direito por interm\u00e9dio da Secretaria Especial de Educa\u00e7\u00e3o a Dist\u00e2ncia (SEAD) e da Escola de Extens\u00e3o da Pr\u00f3-Reitoria de Extens\u00e3o, Cultura e Esporte (PROECE).<\/p>\n<p>\u201cO curso \u00e9 direcionado e recomendado aos portadores de diploma de curso superior, com forma\u00e7\u00e3o em qualquer \u00e1rea do conhecimento, ligados \u00e0 atividade de seguran\u00e7a p\u00fablica e outros interessados no tema. O objetivo geral do curso \u00e9 estimular o aluno \u00e0 reflex\u00e3o cr\u00edtica em torno do fen\u00f4meno da seguran\u00e7a p\u00fablica, do ponto de vista estatal e social, com embasamento te\u00f3rico, did\u00e1tico e pr\u00e1tico, com vistas \u00e0 sua qualifica\u00e7\u00e3o e ao aprimoramento de seus saberes e compet\u00eancias\u201d, explica o secret\u00e1rio Especial de Educa\u00e7\u00e3o a Dist\u00e2ncia, Hercules da Costa Sandim.<\/p>\n<p>S\u00e3o ofertadas oito vagas no <strong>Processo Seletivo de Professores Formadores<\/strong> e as inscri\u00e7\u00f5es est\u00e3o abertas, inicialmente, para professores efetivos do quadro da UFMS e que satisfa\u00e7am as experi\u00eancias previstas em edital para suprir a carga hor\u00e1ria das disciplinas a serem ofertadas dentro do curso.<\/p>\n<p>As bolsas para Professor Formador I s\u00e3o no valor de R$ 1.300,00 (mil e trezentos reais), sendo exigida experi\u00eancia de 3 (tr\u00eas) anos no magist\u00e9rio superior. Para Professor Formador II, o valor \u00e9 de R$ 1.100,00 (mil e cem reais), sendo exigida experi\u00eancia de 1 (um) ano no magist\u00e9rio superior e forma\u00e7\u00e3o m\u00ednima de mestrado.<\/p>\n<p>Conforme o edital, a quantidade de bolsas est\u00e1 relacionada \u00e0 carga hor\u00e1ria da disciplina, sendo uma bolsa para cada 15 horas.<\/p>\n<p>Para o <strong>Processo Seletivo de Tutor a Dist\u00e2ncia<\/strong>\u00a0s\u00e3o sete vagas e dentre os pr\u00e9-requisitos previstos no edital, est\u00e3o experi\u00eancia de um ano no magist\u00e9rio superior, ser graduado em direito e possuir p\u00f3s-gradua\u00e7\u00e3o stricto sensu, al\u00e9m de comprovar habilidades no uso das novas tecnologias para a educa\u00e7\u00e3o a dist\u00e2ncia e na atividade de tutoria.<\/p>\n<p>O valor da bolsa a ser concedida \u00e9 de R$ 765,00 (setecentos e sessenta e cinco reais) mensais, enquanto exercer a fun\u00e7\u00e3o.<\/p>\n<p>E para o <strong>Processo Seletivo de Tutor Presencial <\/strong>h\u00e1 uma uma vaga dispon\u00edvel, sendo necess\u00e1rio residir em Campo Grande para facilitar as reuni\u00f5es com a equipe de coordena\u00e7\u00e3o do curso. Para os tutores presenciais, \u00e9 necess\u00e1rio residir no munic\u00edpio de oferta da vaga para facilitar o acesso ao polo de apoio presencial.<\/p>\n<p>O valor da bolsa a ser concedida \u00e9 de R$ 765,00 (setecentos e sessenta e cinco reais) mensais, enquanto exercer a fun\u00e7\u00e3o.<\/p>\n<p><strong>Modalidades<\/strong><\/p>\n<p>O secret\u00e1rio Hercules Sandim explica a atua\u00e7\u00e3o de cada uma das modalidades de atua\u00e7\u00e3o no curso: tutor, tutor a dist\u00e2ncia e professor formador.<\/p>\n<p>\u201cO professor formador \u00e9 o professor respons\u00e1vel pela disciplina durante a oferta do curso. \u00c9 ele quem define e organiza o conjunto de materiais did\u00e1ticos que ser\u00e3o disponibilizados na oferta da disciplina. O professor formador ainda leciona os conte\u00fados em aulas presenciais e\/ou a dist\u00e2ncia por meio das Tecnologias da Informa\u00e7\u00e3o e Comunica\u00e7\u00e3o (TICs). N\u00e3o menos importante, o professor \u00e9 respons\u00e1vel por planejar e implementar os meios de avalia\u00e7\u00e3o\u201d, diz.<\/p>\n<p>\u201cOs tutores s\u00e3o respons\u00e1veis por dar o suporte ao processo de ensino-aprendizagem aos alunos durante o curso, de forma mais individualizada. Os tutores a dist\u00e2ncia fazem este suporte por meio de ferramentas de Tecnologias da Informa\u00e7\u00e3o e Comunica\u00e7\u00e3o (TICs), enquanto os tutores presenciais acompanham os alunos diretamente no polo de apoio presencial vinculado ao munic\u00edpio de cada aluno\u201d, complementa Hercules da Costa Sandim.<\/p>\n<p>Este \u00e9 mais um edital p\u00fablico que a SEAD divulga conforme as orienta\u00e7\u00f5es da CAPES e da UFMS, no intuito de dar transpar\u00eancia no processo de distribui\u00e7\u00e3o de bolsas.<\/p>\n<p>\u201c\u00c9 uma oportunidade para que os professores da nossa UFMS tenham o envolvimento em novas atividades de ensino da p\u00f3s-gradua\u00e7\u00e3o. Para os tutores, o edital \u00e9 aberto ao p\u00fablico em geral, mas h\u00e1 por exemplo, a possibilidade de nossos ex-alunos retornarem \u00e0s atividades da nossa institui\u00e7\u00e3o\u201d, ressalta Hercules.<\/p>\n<p>Para os tr\u00eas editais, as inscri\u00e7\u00f5es v\u00e3o at\u00e9 14 de junho de 2020. Os interessados devem preencher o formul\u00e1rio de inscri\u00e7\u00e3o dispon\u00edvel no Sigproj <strong>(inserir link)<\/strong> e anexar os documentos especificados no edital abaixo. A previs\u00e3o para o in\u00edcio das atividades \u00e9 julho de 2020.<\/p>\n<p>Segundo a SEAD, \u00e9 importante que os futuros alunos fiquem atentos \u00e0 divulga\u00e7\u00e3o do edital para cursistas que ser\u00e1 publicado ainda em maio.<\/p>\n<p><b>Confira abaixo os Editais na \u00edntegra:<\/b><\/p>\n<p><strong><a href=\"https:\/\/www.ufms.br\/ufms-abre-processo-seletivo-para-professores-e-tutores-atuarem-na-pos-em-seguranca-publica\/\">Edital 33\/2020-Sead \u2013 Professor formador<\/a><\/strong><\/p>\n","protected":false},"excerpt":{"rendered":"<p>Est\u00e3o abertas at\u00e9 14 de junho as inscri\u00e7\u00f5es para o processo seletivo de professores e tutores presenciais e a dist\u00e2ncia atuarem no curso de Especializa\u00e7\u00e3o em Gest\u00e3o em Seguran\u00e7a P\u00fablica. Trata-se de uma iniciativa em parceria com a Universidade Aberta do Brasil (UAB), fomentada pela CAPES e ofertado pela Faculdade de Direito por interm\u00e9dio da Secretaria Especial de Educa\u00e7\u00e3o a Dist\u00e2ncia (SEAD) e da Escola de Extens\u00e3o da Pr\u00f3-Reitoria de Extens\u00e3o, Cultura e Esporte (PROECE). \u201cO curso \u00e9 direcionado e recomendado aos portadores de diploma de curso superior, com forma\u00e7\u00e3o em qualquer \u00e1rea do conhecimento, ligados \u00e0 atividade de seguran\u00e7a p\u00fablica e outros interessados no tema. O objetivo geral do curso \u00e9 estimular o aluno \u00e0 reflex\u00e3o cr\u00edtica em torno do fen\u00f4meno da seguran\u00e7a p\u00fablica, do ponto de vista estatal e social, com embasamento te\u00f3rico, did\u00e1tico e pr\u00e1tico, com vistas \u00e0 sua qualifica\u00e7\u00e3o e ao aprimoramento de seus saberes e compet\u00eancias\u201d, explica o secret\u00e1rio Especial de Educa\u00e7\u00e3o a Dist\u00e2ncia, Hercules da Costa Sandim. S\u00e3o ofertadas oito vagas no Processo Seletivo de Professores Formadores e as inscri\u00e7\u00f5es est\u00e3o abertas, inicialmente, para professores efetivos do quadro da UFMS e que satisfa\u00e7am as experi\u00eancias previstas em edital para suprir a carga hor\u00e1ria das disciplinas a serem ofertadas dentro do curso. As bolsas para Professor Formador I s\u00e3o no valor de R$ 1.300,00 (mil e trezentos reais), sendo exigida experi\u00eancia de 3 (tr\u00eas) anos no magist\u00e9rio superior. Para Professor Formador II, o valor \u00e9 de R$ 1.100,00 (mil e cem reais), sendo exigida experi\u00eancia de 1 (um) ano no magist\u00e9rio superior e forma\u00e7\u00e3o m\u00ednima de mestrado. Conforme o edital, a quantidade de bolsas est\u00e1 relacionada \u00e0 carga hor\u00e1ria da disciplina, sendo uma bolsa para cada 15 horas. Para o Processo Seletivo de Tutor a Dist\u00e2ncia\u00a0s\u00e3o sete vagas e dentre os pr\u00e9-requisitos previstos no edital, est\u00e3o experi\u00eancia de um ano no magist\u00e9rio superior, ser graduado em direito e possuir p\u00f3s-gradua\u00e7\u00e3o stricto sensu, al\u00e9m de comprovar habilidades no uso das novas tecnologias para a educa\u00e7\u00e3o a dist\u00e2ncia e na atividade de tutoria. O valor da bolsa a ser concedida \u00e9 de R$ 765,00 (setecentos e sessenta e cinco reais) mensais, enquanto exercer a fun\u00e7\u00e3o. E para o Processo Seletivo de Tutor Presencial h\u00e1 uma uma vaga dispon\u00edvel, sendo necess\u00e1rio residir em Campo Grande para facilitar as reuni\u00f5es com a equipe de coordena\u00e7\u00e3o do curso. Para os tutores presenciais, \u00e9 necess\u00e1rio residir no munic\u00edpio de oferta da vaga para facilitar o acesso ao polo de apoio presencial. O valor da bolsa a ser concedida \u00e9 de R$ 765,00 (setecentos e sessenta e cinco reais) mensais, enquanto exercer a fun\u00e7\u00e3o. Modalidades O secret\u00e1rio Hercules Sandim explica a atua\u00e7\u00e3o de cada uma das modalidades de atua\u00e7\u00e3o no curso: tutor, tutor a dist\u00e2ncia e professor formador. \u201cO professor formador \u00e9 o professor respons\u00e1vel pela disciplina durante a oferta do curso. \u00c9 ele quem define e organiza o conjunto de materiais did\u00e1ticos que ser\u00e3o disponibilizados na oferta da disciplina. O professor formador ainda leciona os conte\u00fados em aulas presenciais e\/ou a dist\u00e2ncia por meio das Tecnologias da Informa\u00e7\u00e3o e Comunica\u00e7\u00e3o (TICs). N\u00e3o menos importante, o professor \u00e9 respons\u00e1vel por planejar e implementar os meios de avalia\u00e7\u00e3o\u201d, diz. \u201cOs tutores s\u00e3o respons\u00e1veis por dar o suporte ao processo de ensino-aprendizagem aos alunos durante o curso, de forma mais individualizada. Os tutores a dist\u00e2ncia fazem este suporte por meio de ferramentas de Tecnologias da Informa\u00e7\u00e3o e Comunica\u00e7\u00e3o (TICs), enquanto os tutores presenciais acompanham os alunos diretamente no polo de apoio presencial vinculado ao munic\u00edpio de cada aluno\u201d, complementa Hercules da Costa Sandim. Este \u00e9 mais um edital p\u00fablico que a SEAD divulga conforme as orienta\u00e7\u00f5es da CAPES e da UFMS, no intuito de dar transpar\u00eancia no processo de distribui\u00e7\u00e3o de bolsas. \u201c\u00c9 uma oportunidade para que os professores da nossa UFMS tenham o envolvimento em novas atividades de ensino da p\u00f3s-gradua\u00e7\u00e3o. Para os tutores, o edital \u00e9 aberto ao p\u00fablico em geral, mas h\u00e1 por exemplo, a possibilidade de nossos ex-alunos retornarem \u00e0s atividades da nossa institui\u00e7\u00e3o\u201d, ressalta Hercules. Para os tr\u00eas editais, as inscri\u00e7\u00f5es v\u00e3o at\u00e9 14 de junho de 2020. Os interessados devem preencher o formul\u00e1rio de inscri\u00e7\u00e3o dispon\u00edvel no Sigproj (inserir link) e anexar os documentos especificados no edital abaixo. A previs\u00e3o para o in\u00edcio das atividades \u00e9 julho de 2020. Segundo a SEAD, \u00e9 importante que os futuros alunos fiquem atentos \u00e0 divulga\u00e7\u00e3o do edital para cursistas que ser\u00e1 publicado ainda em maio. Confira abaixo os Editais na \u00edntegra: Edital 33\/2020-Sead \u2013 Professor formador<\/p>\n","protected":false},"author":1,"featured_media":0,"comment_status":"closed","ping_status":"open","sticky":false,"template":"","format":"standard","meta":{"site-sidebar-layout":"default","site-content-layout":"","ast-site-content-layout":"default","site-content-style":"default","site-sidebar-style":"default","ast-global-header-display":"","ast-banner-title-visibility":"","ast-main-header-display":"","ast-hfb-above-header-display":"","ast-hfb-below-header-display":"","ast-hfb-mobile-header-display":"","site-post-title":"","ast-breadcrumbs-content":"","ast-featured-img":"","footer-sml-layout":"","theme-transparent-header-meta":"","adv-header-id-meta":"","stick-header-meta":"","header-above-stick-meta":"","header-main-stick-meta":"","header-below-stick-meta":"","astra-migrate-meta-layouts":"default","ast-page-background-enabled":"default","ast-page-background-meta":{"desktop":{"background-color":"var(--ast-global-color-5)","background-image":"","background-repeat":"repeat","background-position":"center center","background-size":"auto","background-attachment":"scroll","background-type":"","background-media":"","overlay-type":"","overlay-color":"","overlay-opacity":"","overlay-gradient":""},"tablet":{"background-color":"","background-image":"","background-repeat":"repeat","background-position":"center center","background-size":"auto","background-attachment":"scroll","background-type":"","background-media":"","overlay-type":"","overlay-color":"","overlay-opacity":"","overlay-gradient":""},"mobile":{"background-color":"","background-image":"","background-repeat":"repeat","background-position":"center center","background-size":"auto","background-attachment":"scroll","background-type":"","background-media":"","overlay-type":"","overlay-color":"","overlay-opacity":"","overlay-gradient":""}},"ast-content-background-meta":{"desktop":{"background-color":"var(--ast-global-color-4)","background-image":"","background-repeat":"repeat","background-position":"center center","background-size":"auto","background-attachment":"scroll","background-type":"","background-media":"","overlay-type":"","overlay-color":"","overlay-opacity":"","overlay-gradient":""},"tablet":{"background-color":"var(--ast-global-color-4)","background-image":"","background-repeat":"repeat","background-position":"center center","background-size":"auto","background-attachment":"scroll","background-type":"","background-media":"","overlay-type":"","overlay-color":"","overlay-opacity":"","overlay-gradient":""},"mobile":{"background-color":"var(--ast-global-color-4)","background-image":"","background-repeat":"repeat","background-position":"center center","background-size":"auto","background-attachment":"scroll","background-type":"","background-media":"","overlay-type":"","overlay-color":"","overlay-opacity":"","overlay-gradient":""}},"footnotes":""},"categories":[48],"tags":[],"class_list":["post-2971","post","type-post","status-publish","format-standard","hentry","category-oportunidades"],"_links":{"self":[{"href":"https:\/\/clientes.jusanalytics.com.br\/professor\/wp-json\/wp\/v2\/posts\/2971","targetHints":{"allow":["GET"]}}],"collection":[{"href":"https:\/\/clientes.jusanalytics.com.br\/professor\/wp-json\/wp\/v2\/posts"}],"about":[{"href":"https:\/\/clientes.jusanalytics.com.br\/professor\/wp-json\/wp\/v2\/types\/post"}],"author":[{"embeddable":true,"href":"https:\/\/clientes.jusanalytics.com.br\/professor\/wp-json\/wp\/v2\/users\/1"}],"replies":[{"embeddable":true,"href":"https:\/\/clientes.jusanalytics.com.br\/professor\/wp-json\/wp\/v2\/comments?post=2971"}],"version-history":[{"count":0,"href":"https:\/\/clientes.jusanalytics.com.br\/professor\/wp-json\/wp\/v2\/posts\/2971\/revisions"}],"wp:attachment":[{"href":"https:\/\/clientes.jusanalytics.com.br\/professor\/wp-json\/wp\/v2\/media?parent=2971"}],"wp:term":[{"taxonomy":"category","embeddable":true,"href":"https:\/\/clientes.jusanalytics.com.br\/professor\/wp-json\/wp\/v2\/categories?post=2971"},{"taxonomy":"post_tag","embeddable":true,"href":"https:\/\/clientes.jusanalytics.com.br\/professor\/wp-json\/wp\/v2\/tags?post=2971"}],"curies":[{"name":"wp","href":"https:\/\/api.w.org\/{rel}","templated":true}]}}