{"id":2339,"date":"2020-02-04T12:38:51","date_gmt":"2020-02-04T15:38:51","guid":{"rendered":"https:\/\/www.professorvladmirsilveira.com.br\/\/?p=2339"},"modified":"2020-02-04T12:38:51","modified_gmt":"2020-02-04T15:38:51","slug":"edital-no-1-2020-processo-seletivo-simplificado","status":"publish","type":"post","link":"https:\/\/clientes.jusanalytics.com.br\/professor\/2020\/02\/04\/edital-no-1-2020-processo-seletivo-simplificado\/","title":{"rendered":"EDITAL N\u00ba 1\/2020 &#8211; PROCESSO SELETIVO SIMPLIFICADO"},"content":{"rendered":"<p>EDITAL N\u00ba 1\/2020 PROCESSO SELETIVO SIMPLIFICADO<\/p>\n<p>Processo n\u00ba 08016.020493\/2019-55<\/p>\n<p>Divulga\u00e7\u00e3o de edital para sele\u00e7\u00e3o de consultor no \u00e2mbito do Projeto BRA\/14\/011: EDITAL N\u00ba 01\/2020 seleciona 2 Consultores para elabora\u00e7\u00e3o de metodologia de ensino para Capacita\u00e7\u00e3o em Justi\u00e7a Restaurativa, Media\u00e7\u00e3o Prisional e Penitenci\u00e1ria, no \u00e2mbito da coopera\u00e7\u00e3o t\u00e9cnica do projeto BRA\/14\/011, sendo 1 consultor para a &#8220;disciplina 1: Introdu\u00e7\u00e3o \u00e0 justi\u00e7a restaurativa &#8211; Metodologia dos C\u00edrculos Restaurativos e de Constru\u00e7\u00e3o de Paz&#8221; (Consultoria 1 JR\/2020); e 1 consultor para a &#8220;disciplina 2: Media\u00e7\u00e3o Prisional e Penitenci\u00e1ria &#8211; Metodologia V\u00edtima-Ofensor&#8221; (Consultoria 2 JR\/2020), al\u00e9m de atividade de doc\u00eancia das disciplinas na cidade de Porto Alegre\/RS, com carga hor\u00e1ria de 12 h\/a para disciplina 1 e 24 h\/a para disciplina 2.<\/p>\n<p>Qualifica\u00e7\u00f5es obrigat\u00f3rias: Ensino Superior Completo em institui\u00e7\u00e3o reconhecida pelo Minist\u00e9rio da Educa\u00e7\u00e3o\/Institui\u00e7\u00e3o internacional espec\u00edfica, caso estrangeiro; M\u00ednimo de 5 (cinco) anos de experi\u00eancia profissional na tem\u00e1tica da justi\u00e7a restaurativa e media\u00e7\u00e3o penal e penitenci\u00e1ria.<\/p>\n<p>Local de trabalho e per\u00edodo: Bras\u00edlia-DF, com possibilidade de viagens; Da assinatura do Contrato a 60 (sessenta) dias ap\u00f3s a assinatura do Contrato; Valores dos contratos: R$ 7.500,00 para a consultoria da disciplina 1; R$ 15.000,00 para a consultoria da disciplina 2.<\/p>\n<p>Para participar, os interessados devem enviar curr\u00edculos para prodocdepen@mj.gov.br at\u00e9 o dia 07 de fevereiro de 2020, conforme edital dispon\u00edvel nos portais:<\/p>\n<p><a href=\"https:\/\/www.br.undp.org\/content\/brazil\/pt\/home\/jobs.html\">www.pnud.org.br\/oportunidades<\/a> \u00a0e \u00a0www.depen.gov.br<\/p>\n<p>Os e-mails com envio dos curr\u00edculos devem ter as seguintes caracter\u00edsticas: Indicar o n\u00famero do edital (01\/2020), descri\u00e7\u00e3o da disciplina (consultoria 1 JR ou consultoria 2 JR) pretendida e nome do candidato.<\/p>\n<p>*De acordo com o Decreto n. 5.151\/2004, no \u00e2mbito dos acordos de coopera\u00e7\u00e3o t\u00e9cnica internacional, \u00e9 vedada a contrata\u00e7\u00e3o de servidores ativos da Administra\u00e7\u00e3o P\u00fablica Federal, Estadual, do Distrito Federal ou Municipal, direta ou indireta, bem como empregados de suas subsidi\u00e1rias e controladas.<\/p>\n<p>ANA HELENA DE OLIVEIRA PESSOA<\/p>\n<p>Agente Federal de Execu\u00e7\u00e3o Penal<\/p>\n<p>LILIANE VIEIRA CASTRO<\/p>\n<p>Gerente do Projeto de Coopera\u00e7\u00e3o T\u00e9cnica Internacional intitulado &#8220;Fortalecimento da Gest\u00e3o do Sistema Prisional Brasileiro&#8221;, c\u00f3digo BRA\/14\/011<\/p>\n<p>FABIANO BORDIGNON<\/p>\n<p>Diretor Nacional do Projeto de Coopera\u00e7\u00e3o T\u00e9cnica Internacional intitulado &#8220;Fortalecimento da Gest\u00e3o do Sistema Prisional Brasileiro&#8221;, c\u00f3digo BRA\/14\/011<\/p>\n<p><strong><a href=\"http:\/\/www.in.gov.br\/web\/dou\/-\/edital-n-1\/2020processo-seletivo-simplificado-241364947\">Clique aqui para acessar o Edital\u00a0<\/a><\/strong><\/p>\n<p>&nbsp;<\/p>\n<p>&nbsp;<\/p>\n","protected":false},"excerpt":{"rendered":"<p>EDITAL N\u00ba 1\/2020 PROCESSO SELETIVO SIMPLIFICADO Processo n\u00ba 08016.020493\/2019-55 Divulga\u00e7\u00e3o de edital para sele\u00e7\u00e3o de consultor no \u00e2mbito do Projeto BRA\/14\/011: EDITAL N\u00ba 01\/2020 seleciona 2 Consultores para elabora\u00e7\u00e3o de metodologia de ensino para Capacita\u00e7\u00e3o em Justi\u00e7a Restaurativa, Media\u00e7\u00e3o Prisional e Penitenci\u00e1ria, no \u00e2mbito da coopera\u00e7\u00e3o t\u00e9cnica do projeto BRA\/14\/011, sendo 1 consultor para a &#8220;disciplina 1: Introdu\u00e7\u00e3o \u00e0 justi\u00e7a restaurativa &#8211; Metodologia dos C\u00edrculos Restaurativos e de Constru\u00e7\u00e3o de Paz&#8221; (Consultoria 1 JR\/2020); e 1 consultor para a &#8220;disciplina 2: Media\u00e7\u00e3o Prisional e Penitenci\u00e1ria &#8211; Metodologia V\u00edtima-Ofensor&#8221; (Consultoria 2 JR\/2020), al\u00e9m de atividade de doc\u00eancia das disciplinas na cidade de Porto Alegre\/RS, com carga hor\u00e1ria de 12 h\/a para disciplina 1 e 24 h\/a para disciplina 2. Qualifica\u00e7\u00f5es obrigat\u00f3rias: Ensino Superior Completo em institui\u00e7\u00e3o reconhecida pelo Minist\u00e9rio da Educa\u00e7\u00e3o\/Institui\u00e7\u00e3o internacional espec\u00edfica, caso estrangeiro; M\u00ednimo de 5 (cinco) anos de experi\u00eancia profissional na tem\u00e1tica da justi\u00e7a restaurativa e media\u00e7\u00e3o penal e penitenci\u00e1ria. Local de trabalho e per\u00edodo: Bras\u00edlia-DF, com possibilidade de viagens; Da assinatura do Contrato a 60 (sessenta) dias ap\u00f3s a assinatura do Contrato; Valores dos contratos: R$ 7.500,00 para a consultoria da disciplina 1; R$ 15.000,00 para a consultoria da disciplina 2. Para participar, os interessados devem enviar curr\u00edculos para prodocdepen@mj.gov.br at\u00e9 o dia 07 de fevereiro de 2020, conforme edital dispon\u00edvel nos portais: www.pnud.org.br\/oportunidades \u00a0e \u00a0www.depen.gov.br Os e-mails com envio dos curr\u00edculos devem ter as seguintes caracter\u00edsticas: Indicar o n\u00famero do edital (01\/2020), descri\u00e7\u00e3o da disciplina (consultoria 1 JR ou consultoria 2 JR) pretendida e nome do candidato. *De acordo com o Decreto n. 5.151\/2004, no \u00e2mbito dos acordos de coopera\u00e7\u00e3o t\u00e9cnica internacional, \u00e9 vedada a contrata\u00e7\u00e3o de servidores ativos da Administra\u00e7\u00e3o P\u00fablica Federal, Estadual, do Distrito Federal ou Municipal, direta ou indireta, bem como empregados de suas subsidi\u00e1rias e controladas. ANA HELENA DE OLIVEIRA PESSOA Agente Federal de Execu\u00e7\u00e3o Penal LILIANE VIEIRA CASTRO Gerente do Projeto de Coopera\u00e7\u00e3o T\u00e9cnica Internacional intitulado &#8220;Fortalecimento da Gest\u00e3o do Sistema Prisional Brasileiro&#8221;, c\u00f3digo BRA\/14\/011 FABIANO BORDIGNON Diretor Nacional do Projeto de Coopera\u00e7\u00e3o T\u00e9cnica Internacional intitulado &#8220;Fortalecimento da Gest\u00e3o do Sistema Prisional Brasileiro&#8221;, c\u00f3digo BRA\/14\/011 Clique aqui para acessar o Edital\u00a0 &nbsp; &nbsp;<\/p>\n","protected":false},"author":1,"featured_media":0,"comment_status":"closed","ping_status":"open","sticky":false,"template":"","format":"standard","meta":{"site-sidebar-layout":"default","site-content-layout":"","ast-site-content-layout":"default","site-content-style":"default","site-sidebar-style":"default","ast-global-header-display":"","ast-banner-title-visibility":"","ast-main-header-display":"","ast-hfb-above-header-display":"","ast-hfb-below-header-display":"","ast-hfb-mobile-header-display":"","site-post-title":"","ast-breadcrumbs-content":"","ast-featured-img":"","footer-sml-layout":"","theme-transparent-header-meta":"","adv-header-id-meta":"","stick-header-meta":"","header-above-stick-meta":"","header-main-stick-meta":"","header-below-stick-meta":"","astra-migrate-meta-layouts":"default","ast-page-background-enabled":"default","ast-page-background-meta":{"desktop":{"background-color":"var(--ast-global-color-5)","background-image":"","background-repeat":"repeat","background-position":"center center","background-size":"auto","background-attachment":"scroll","background-type":"","background-media":"","overlay-type":"","overlay-color":"","overlay-opacity":"","overlay-gradient":""},"tablet":{"background-color":"","background-image":"","background-repeat":"repeat","background-position":"center center","background-size":"auto","background-attachment":"scroll","background-type":"","background-media":"","overlay-type":"","overlay-color":"","overlay-opacity":"","overlay-gradient":""},"mobile":{"background-color":"","background-image":"","background-repeat":"repeat","background-position":"center center","background-size":"auto","background-attachment":"scroll","background-type":"","background-media":"","overlay-type":"","overlay-color":"","overlay-opacity":"","overlay-gradient":""}},"ast-content-background-meta":{"desktop":{"background-color":"var(--ast-global-color-4)","background-image":"","background-repeat":"repeat","background-position":"center center","background-size":"auto","background-attachment":"scroll","background-type":"","background-media":"","overlay-type":"","overlay-color":"","overlay-opacity":"","overlay-gradient":""},"tablet":{"background-color":"var(--ast-global-color-4)","background-image":"","background-repeat":"repeat","background-position":"center center","background-size":"auto","background-attachment":"scroll","background-type":"","background-media":"","overlay-type":"","overlay-color":"","overlay-opacity":"","overlay-gradient":""},"mobile":{"background-color":"var(--ast-global-color-4)","background-image":"","background-repeat":"repeat","background-position":"center center","background-size":"auto","background-attachment":"scroll","background-type":"","background-media":"","overlay-type":"","overlay-color":"","overlay-opacity":"","overlay-gradient":""}},"footnotes":""},"categories":[48],"tags":[],"class_list":["post-2339","post","type-post","status-publish","format-standard","hentry","category-oportunidades"],"_links":{"self":[{"href":"https:\/\/clientes.jusanalytics.com.br\/professor\/wp-json\/wp\/v2\/posts\/2339","targetHints":{"allow":["GET"]}}],"collection":[{"href":"https:\/\/clientes.jusanalytics.com.br\/professor\/wp-json\/wp\/v2\/posts"}],"about":[{"href":"https:\/\/clientes.jusanalytics.com.br\/professor\/wp-json\/wp\/v2\/types\/post"}],"author":[{"embeddable":true,"href":"https:\/\/clientes.jusanalytics.com.br\/professor\/wp-json\/wp\/v2\/users\/1"}],"replies":[{"embeddable":true,"href":"https:\/\/clientes.jusanalytics.com.br\/professor\/wp-json\/wp\/v2\/comments?post=2339"}],"version-history":[{"count":0,"href":"https:\/\/clientes.jusanalytics.com.br\/professor\/wp-json\/wp\/v2\/posts\/2339\/revisions"}],"wp:attachment":[{"href":"https:\/\/clientes.jusanalytics.com.br\/professor\/wp-json\/wp\/v2\/media?parent=2339"}],"wp:term":[{"taxonomy":"category","embeddable":true,"href":"https:\/\/clientes.jusanalytics.com.br\/professor\/wp-json\/wp\/v2\/categories?post=2339"},{"taxonomy":"post_tag","embeddable":true,"href":"https:\/\/clientes.jusanalytics.com.br\/professor\/wp-json\/wp\/v2\/tags?post=2339"}],"curies":[{"name":"wp","href":"https:\/\/api.w.org\/{rel}","templated":true}]}}