{"id":2328,"date":"2020-01-23T15:27:01","date_gmt":"2020-01-23T18:27:01","guid":{"rendered":"https:\/\/www.professorvladmirsilveira.com.br\/\/?p=2328"},"modified":"2020-01-23T15:27:01","modified_gmt":"2020-01-23T18:27:01","slug":"ufms-vai-contratar","status":"publish","type":"post","link":"https:\/\/clientes.jusanalytics.com.br\/professor\/2020\/01\/23\/ufms-vai-contratar\/","title":{"rendered":"UFMS vai contratar professores substitutos com sal\u00e1rio de at\u00e9 R$ 5,8 mil"},"content":{"rendered":"<p>A <b><a href=\"http:\/\/www.campograndenews.com.br\/ufms\" target=\"_blank\" rel=\"noopener\">UFMS<\/a><\/b> (<b><a href=\"http:\/\/www.campograndenews.com.br\/ufms\" target=\"_blank\" rel=\"noopener\">Universidade Federal<\/a><\/b> de Mato Grosso do Sul) abriu processo seletivo com 15 vagas para professores substitutos. Os profissionais devem atuar j\u00e1 no primeiro semestre letivo do ano de 2020.<\/p>\n<p>As vagas s\u00e3o para os c\u00e2mpus de Campo Grande, Corumb\u00e1 e Tr\u00eas Lagoas, com regimes de trabalho de 20 e de 40 horas.<\/p>\n<p>Na Capital, ser\u00e3o contratados oito professores para as \u00e1reas de Contabilidade de Custos\/Auditoria Cont\u00e1bil\/Entidades sem fins lucrativos; Ci\u00eancias Biol\u00f3gicas\/Morfologia\/Biologia Celular e Embriologia; F\u00edsica; Enfermagem Fundamental; Lingu\u00edstica, Letras e Artes &#8211; Pintura; Engenharia I\/Engenharia Civil; Cl\u00ednica M\u00e9dica\/Otorrinolaringologia; e Odontologia\/Cl\u00ednica Odontol\u00f3gica\/Materiais Odontol\u00f3gicos.<\/p>\n<p>Para Corumb\u00e1, as cinco vagas contemplam profissionais das \u00e1reas de <b><a href=\"http:\/\/www.campograndenews.com.br\/educacao\" target=\"_blank\" rel=\"noopener\">Educa\u00e7\u00e3o<\/a><\/b> F\u00edsica; Ci\u00eancias Sociais Aplicadas\/Ci\u00eancias Cont\u00e1beis; Filosofia; Bioqu\u00edmica; e Lingu\u00edstica, Letras e Artes\/Teoria Liter\u00e1ria.<\/p>\n<p>J\u00e1 para Tr\u00eas Lagoas, a <b><a href=\"http:\/\/www.campograndenews.com.br\/ufms\" target=\"_blank\" rel=\"noopener\">UFMS<\/a><\/b> busca dois especialistas em Enfermagem\/Interdisciplinar; e Ci\u00eancias Exatas e da Terra\/Ci\u00eancia da Computa\u00e7\u00e3o.<\/p>\n<p>A remunera\u00e7\u00e3o base para o regime de 20 horas \u00e9 de R$ 2.236,32, valor que chega a R$ 3.522,21 para professor doutor. O aux\u00edlio alimenta\u00e7\u00e3o \u00e9 de R$ 229,00.<\/p>\n<p>O sal\u00e1rio base para 40 horas \u00e9 de R$ 3.130,85, valor que salta para R$ 5.831,21 caso o contratado tenha titula\u00e7\u00e3o de doutor. O vale alimenta\u00e7\u00e3o soma R$ 458,00.<\/p>\n<p>Comiss\u00f5es especiais de sele\u00e7\u00e3o v\u00e3o elaborar editais complementares com as demais condi\u00e7\u00f5es e especifica\u00e7\u00f5es relativas a cada vaga, como informa\u00e7\u00f5es sobre o programa e bibliografia b\u00e1sica das provas escrita e did\u00e1tica.<\/p>\n<p>Per\u00edodo e local de inscri\u00e7\u00e3o, al\u00e9m de sede para realiza\u00e7\u00e3o das provas, tamb\u00e9m ser\u00e3o divulgados em edital complementar. Segundo cronograma, os exames devem ser realizados entre 6 e 7 de fevereiro.<\/p>\n<p>O edital de cada comiss\u00e3o especial dever\u00e1 ser divulgado <a href=\"http:\/\/www.concursos.ufms.br\/\" target=\"_blank\" rel=\"noopener\">neste endere\u00e7o<\/a> e tamb\u00e9m no Boletim Oficial da <b><a href=\"http:\/\/www.campograndenews.com.br\/ufms\" target=\"_blank\" rel=\"noopener\">UFMS<\/a><\/b>, no dia 23 de janeiro.<\/p>\n<p>Publicado na edi\u00e7\u00e3o desta quarta-feira (15) do DOU (Di\u00e1rio Oficial da Uni\u00e3o), o edital do processo seletivo salienta que a classifica\u00e7\u00e3o no processo seletivo n\u00e3o assegura ao candidato o direito de ingresso autom\u00e1tico, mas sim, a expectativa de direito \u00e0 contrata\u00e7\u00e3o.<\/p>\n<div class=\"pp-box-adunit pp-ad-loading pp-type-intext\">\n<div class=\"pp-adunit\">\n<div class=\"pp-ad\">\n<div id=\"P_DM_INTEXT_02031721152195669533\" data-premium=\"\" data-adunit=\"DM_INTEXT_02\" data-sizes-mobile=\"[[336,280],[300,250]] \" data-sizes-desktop=\"[[336,280],[300,250]]\" data-type=\"intext\" data-premium-load=\"\" data-fetch=\"true\" data-google-query-id=\"CKSo2tmnmucCFUsFuQYdckANdA\"><strong>Fonte: <a href=\"https:\/\/www.campograndenews.com.br\/cidades\/empregos\/ufms-vai-contratar-professores-substitutos-com-salario-de-ate-rs-5-8-mil\">Campo Grande News\u00a0<\/a><\/strong><\/div>\n<\/div>\n<\/div>\n<\/div>\n<div data-premium=\"\" data-adunit=\"DM_INTEXT_02\" data-sizes-mobile=\"[[336,280],[300,250]] \" data-sizes-desktop=\"[[336,280],[300,250]]\" data-type=\"intext\" data-premium-load=\"\" data-fetch=\"true\" data-google-query-id=\"CKSo2tmnmucCFUsFuQYdckANdA\"><\/div>\n<div data-premium=\"\" data-adunit=\"DM_INTEXT_02\" data-sizes-mobile=\"[[336,280],[300,250]] \" data-sizes-desktop=\"[[336,280],[300,250]]\" data-type=\"intext\" data-premium-load=\"\" data-fetch=\"true\" data-google-query-id=\"CKSo2tmnmucCFUsFuQYdckANdA\"><strong><a href=\"https:\/\/www.professorvladmirsilveira.com.br\/\/noticias\/\">Clique aqui<\/a> para ler mais Not\u00edcias.\u00a0<\/strong><\/div>\n<div data-premium=\"\" data-adunit=\"DM_INTEXT_02\" data-sizes-mobile=\"[[336,280],[300,250]] \" data-sizes-desktop=\"[[336,280],[300,250]]\" data-type=\"intext\" data-premium-load=\"\" data-fetch=\"true\" data-google-query-id=\"CKSo2tmnmucCFUsFuQYdckANdA\"><\/div>\n<div data-premium=\"\" data-adunit=\"DM_INTEXT_02\" data-sizes-mobile=\"[[336,280],[300,250]] \" data-sizes-desktop=\"[[336,280],[300,250]]\" data-type=\"intext\" data-premium-load=\"\" data-fetch=\"true\" data-google-query-id=\"CKSo2tmnmucCFUsFuQYdckANdA\"><\/div>\n","protected":false},"excerpt":{"rendered":"<p>A UFMS (Universidade Federal de Mato Grosso do Sul) abriu processo seletivo com 15 vagas para professores substitutos. Os profissionais devem atuar j\u00e1 no primeiro semestre letivo do ano de 2020. As vagas s\u00e3o para os c\u00e2mpus de Campo Grande, Corumb\u00e1 e Tr\u00eas Lagoas, com regimes de trabalho de 20 e de 40 horas. Na Capital, ser\u00e3o contratados oito professores para as \u00e1reas de Contabilidade de Custos\/Auditoria Cont\u00e1bil\/Entidades sem fins lucrativos; Ci\u00eancias Biol\u00f3gicas\/Morfologia\/Biologia Celular e Embriologia; F\u00edsica; Enfermagem Fundamental; Lingu\u00edstica, Letras e Artes &#8211; Pintura; Engenharia I\/Engenharia Civil; Cl\u00ednica M\u00e9dica\/Otorrinolaringologia; e Odontologia\/Cl\u00ednica Odontol\u00f3gica\/Materiais Odontol\u00f3gicos. Para Corumb\u00e1, as cinco vagas contemplam profissionais das \u00e1reas de Educa\u00e7\u00e3o F\u00edsica; Ci\u00eancias Sociais Aplicadas\/Ci\u00eancias Cont\u00e1beis; Filosofia; Bioqu\u00edmica; e Lingu\u00edstica, Letras e Artes\/Teoria Liter\u00e1ria. J\u00e1 para Tr\u00eas Lagoas, a UFMS busca dois especialistas em Enfermagem\/Interdisciplinar; e Ci\u00eancias Exatas e da Terra\/Ci\u00eancia da Computa\u00e7\u00e3o. A remunera\u00e7\u00e3o base para o regime de 20 horas \u00e9 de R$ 2.236,32, valor que chega a R$ 3.522,21 para professor doutor. O aux\u00edlio alimenta\u00e7\u00e3o \u00e9 de R$ 229,00. O sal\u00e1rio base para 40 horas \u00e9 de R$ 3.130,85, valor que salta para R$ 5.831,21 caso o contratado tenha titula\u00e7\u00e3o de doutor. O vale alimenta\u00e7\u00e3o soma R$ 458,00. Comiss\u00f5es especiais de sele\u00e7\u00e3o v\u00e3o elaborar editais complementares com as demais condi\u00e7\u00f5es e especifica\u00e7\u00f5es relativas a cada vaga, como informa\u00e7\u00f5es sobre o programa e bibliografia b\u00e1sica das provas escrita e did\u00e1tica. Per\u00edodo e local de inscri\u00e7\u00e3o, al\u00e9m de sede para realiza\u00e7\u00e3o das provas, tamb\u00e9m ser\u00e3o divulgados em edital complementar. Segundo cronograma, os exames devem ser realizados entre 6 e 7 de fevereiro. O edital de cada comiss\u00e3o especial dever\u00e1 ser divulgado neste endere\u00e7o e tamb\u00e9m no Boletim Oficial da UFMS, no dia 23 de janeiro. Publicado na edi\u00e7\u00e3o desta quarta-feira (15) do DOU (Di\u00e1rio Oficial da Uni\u00e3o), o edital do processo seletivo salienta que a classifica\u00e7\u00e3o no processo seletivo n\u00e3o assegura ao candidato o direito de ingresso autom\u00e1tico, mas sim, a expectativa de direito \u00e0 contrata\u00e7\u00e3o. Fonte: Campo Grande News\u00a0 Clique aqui para ler mais Not\u00edcias.\u00a0<\/p>\n","protected":false},"author":1,"featured_media":0,"comment_status":"closed","ping_status":"open","sticky":false,"template":"","format":"standard","meta":{"site-sidebar-layout":"default","site-content-layout":"","ast-site-content-layout":"default","site-content-style":"default","site-sidebar-style":"default","ast-global-header-display":"","ast-banner-title-visibility":"","ast-main-header-display":"","ast-hfb-above-header-display":"","ast-hfb-below-header-display":"","ast-hfb-mobile-header-display":"","site-post-title":"","ast-breadcrumbs-content":"","ast-featured-img":"","footer-sml-layout":"","theme-transparent-header-meta":"","adv-header-id-meta":"","stick-header-meta":"","header-above-stick-meta":"","header-main-stick-meta":"","header-below-stick-meta":"","astra-migrate-meta-layouts":"default","ast-page-background-enabled":"default","ast-page-background-meta":{"desktop":{"background-color":"var(--ast-global-color-5)","background-image":"","background-repeat":"repeat","background-position":"center center","background-size":"auto","background-attachment":"scroll","background-type":"","background-media":"","overlay-type":"","overlay-color":"","overlay-opacity":"","overlay-gradient":""},"tablet":{"background-color":"","background-image":"","background-repeat":"repeat","background-position":"center center","background-size":"auto","background-attachment":"scroll","background-type":"","background-media":"","overlay-type":"","overlay-color":"","overlay-opacity":"","overlay-gradient":""},"mobile":{"background-color":"","background-image":"","background-repeat":"repeat","background-position":"center center","background-size":"auto","background-attachment":"scroll","background-type":"","background-media":"","overlay-type":"","overlay-color":"","overlay-opacity":"","overlay-gradient":""}},"ast-content-background-meta":{"desktop":{"background-color":"var(--ast-global-color-4)","background-image":"","background-repeat":"repeat","background-position":"center center","background-size":"auto","background-attachment":"scroll","background-type":"","background-media":"","overlay-type":"","overlay-color":"","overlay-opacity":"","overlay-gradient":""},"tablet":{"background-color":"var(--ast-global-color-4)","background-image":"","background-repeat":"repeat","background-position":"center center","background-size":"auto","background-attachment":"scroll","background-type":"","background-media":"","overlay-type":"","overlay-color":"","overlay-opacity":"","overlay-gradient":""},"mobile":{"background-color":"var(--ast-global-color-4)","background-image":"","background-repeat":"repeat","background-position":"center center","background-size":"auto","background-attachment":"scroll","background-type":"","background-media":"","overlay-type":"","overlay-color":"","overlay-opacity":"","overlay-gradient":""}},"footnotes":""},"categories":[7],"tags":[],"class_list":["post-2328","post","type-post","status-publish","format-standard","hentry","category-noticias"],"_links":{"self":[{"href":"https:\/\/clientes.jusanalytics.com.br\/professor\/wp-json\/wp\/v2\/posts\/2328","targetHints":{"allow":["GET"]}}],"collection":[{"href":"https:\/\/clientes.jusanalytics.com.br\/professor\/wp-json\/wp\/v2\/posts"}],"about":[{"href":"https:\/\/clientes.jusanalytics.com.br\/professor\/wp-json\/wp\/v2\/types\/post"}],"author":[{"embeddable":true,"href":"https:\/\/clientes.jusanalytics.com.br\/professor\/wp-json\/wp\/v2\/users\/1"}],"replies":[{"embeddable":true,"href":"https:\/\/clientes.jusanalytics.com.br\/professor\/wp-json\/wp\/v2\/comments?post=2328"}],"version-history":[{"count":0,"href":"https:\/\/clientes.jusanalytics.com.br\/professor\/wp-json\/wp\/v2\/posts\/2328\/revisions"}],"wp:attachment":[{"href":"https:\/\/clientes.jusanalytics.com.br\/professor\/wp-json\/wp\/v2\/media?parent=2328"}],"wp:term":[{"taxonomy":"category","embeddable":true,"href":"https:\/\/clientes.jusanalytics.com.br\/professor\/wp-json\/wp\/v2\/categories?post=2328"},{"taxonomy":"post_tag","embeddable":true,"href":"https:\/\/clientes.jusanalytics.com.br\/professor\/wp-json\/wp\/v2\/tags?post=2328"}],"curies":[{"name":"wp","href":"https:\/\/api.w.org\/{rel}","templated":true}]}}