{"id":2096,"date":"2019-10-01T15:50:28","date_gmt":"2019-10-01T18:50:28","guid":{"rendered":"https:\/\/www.professorvladmirsilveira.com.br\/\/?p=2096"},"modified":"2019-10-01T15:50:28","modified_gmt":"2019-10-01T18:50:28","slug":"concurso-docente-para-professor-da-carreira-do-magisterio-superior","status":"publish","type":"post","link":"https:\/\/clientes.jusanalytics.com.br\/professor\/2019\/10\/01\/concurso-docente-para-professor-da-carreira-do-magisterio-superior\/","title":{"rendered":"Concurso Docente para Professor da Carreira do Magist\u00e9rio Superior"},"content":{"rendered":"<p><strong>Fonte: <a href=\"https:\/\/www.ufsm.br\/pro-reitorias\/progep\/editais\/177-2019\/\">UFSM<\/a><\/strong><\/p>\n<h5 class=\"titulo-conteudos\">Publica\u00e7\u00f5es:<\/h5>\n<div class=\"table table-sm table-responsive\">\n<table class=\"table table-striped arquivos\">\n<tbody>\n<tr>\n<th>T\u00edtulo<\/th>\n<th>Tipo<\/th>\n<th>Data<\/th>\n<\/tr>\n<tr class=\"edital-tr-link hide-link\">\n<td><a href=\"http:\/\/portal.ufsm.br\/concursos\/inscricao\/opcoes.html?edicao=3923\">Inscri\u00e7\u00f5es on-line<\/a><\/td>\n<td><a class=\"tipo-link font-sm\" title=\"Filtrar apenas arquivos com o tipo Link \" href=\"https:\/\/www.ufsm.br\/pro-reitorias\/progep\/editais\/177-2019\/?tipo=link\" target=\"_blank\" rel=\"nofollow noopener\">Link<\/a><\/td>\n<td class=\"data-edital\"><span class=\"data-publicacao-widget font-sm\">27\/09\/2019<br \/>\n16:09<\/span><\/td>\n<\/tr>\n<tr class=\"edital-tr-36 hide-36\">\n<td><a href=\"https:\/\/www.ufsm.br\/pro-reitorias\/progep\/wp-content\/uploads\/sites\/341\/2019\/09\/EDITAL-N_-177_-de-25-de-setembro-de-2019.pdf\">Edital de Abertura (pdf &#8211; 126 KB)<\/a><\/td>\n<td><a class=\"tipo-link font-sm\" title=\"Filtrar apenas arquivos com o tipo Edital \" href=\"https:\/\/www.ufsm.br\/pro-reitorias\/progep\/editais\/177-2019\/?tipo=36\" target=\"_blank\" rel=\"nofollow noopener\">Edital<\/a><\/td>\n<td class=\"data-edital\"><span class=\"data-publicacao-widget font-sm\">27\/09\/2019<br \/>\n11:09<\/span><\/td>\n<\/tr>\n<tr class=\"edital-tr-36 hide-36\">\n<td><a href=\"https:\/\/www.ufsm.br\/pro-reitorias\/progep\/wp-content\/uploads\/sites\/341\/2019\/09\/Programa-eliminat%C3%B3ria.pdf\">Anexo I &#8211; Instru\u00e7\u00f5es Espec\u00edficas e Programa das Provas (pdf &#8211; 89 KB)<\/a><\/td>\n<td><a class=\"tipo-link font-sm\" title=\"Filtrar apenas arquivos com o tipo Edital \" href=\"https:\/\/www.ufsm.br\/pro-reitorias\/progep\/editais\/177-2019\/?tipo=36\" target=\"_blank\" rel=\"nofollow noopener\">Edital<\/a><\/td>\n<td class=\"data-edital\"><span class=\"data-publicacao-widget font-sm\">27\/09\/2019<br \/>\n11:09<\/span><\/td>\n<\/tr>\n<tr class=\"edital-tr-36 hide-36\">\n<td><a href=\"https:\/\/www.ufsm.br\/pro-reitorias\/progep\/wp-content\/uploads\/sites\/341\/2019\/09\/Anexo-II-t%C3%ADtulos.pdf\">Anexo II &#8211; Planilha de Avalia\u00e7\u00e3o para Prova de T\u00edtulos (pdf &#8211; 38 KB)<\/a><\/td>\n<td><a class=\"tipo-link font-sm\" title=\"Filtrar apenas arquivos com o tipo Edital \" href=\"https:\/\/www.ufsm.br\/pro-reitorias\/progep\/editais\/177-2019\/?tipo=36\" target=\"_blank\" rel=\"nofollow noopener\">Edital<\/a><\/td>\n<td class=\"data-edital\"><span class=\"data-publicacao-widget font-sm\">27\/09\/2019<br \/>\n11:09<\/span><\/td>\n<\/tr>\n<tr class=\"edital-tr-2 hide-2\">\n<td><a href=\"https:\/\/www.ufsm.br\/pro-reitorias\/progep\/wp-content\/uploads\/sites\/341\/2019\/09\/Cronograma.pdf\">Cronograma (pdf &#8211; 57 KB)<\/a><\/td>\n<td><a class=\"tipo-link font-sm\" title=\"Filtrar apenas arquivos com o tipo Links \u00dateis \" href=\"https:\/\/www.ufsm.br\/pro-reitorias\/progep\/editais\/177-2019\/?tipo=2\" target=\"_blank\" rel=\"nofollow noopener\">Links \u00dateis<\/a><\/td>\n<td class=\"data-edital\"><span class=\"data-publicacao-widget font-sm\">27\/09\/2019<br \/>\n11:09<\/span><\/td>\n<\/tr>\n<tr class=\"edital-tr-link hide-link\">\n<td><a href=\"https:\/\/www.ufsm.br\/pro-reitorias\/proplan\/resolucoes-concursos-publicos\/\">Resolu\u00e7\u00e3o 030\/2013 (e altera\u00e7\u00f5es)<\/a><\/td>\n<td><a class=\"tipo-link font-sm\" title=\"Filtrar apenas arquivos com o tipo Link \" href=\"https:\/\/www.ufsm.br\/pro-reitorias\/progep\/editais\/177-2019\/?tipo=link\" target=\"_blank\" rel=\"nofollow noopener\">Link<\/a><\/td>\n<td class=\"data-edital\"><span class=\"data-publicacao-widget font-sm\">27\/09\/2019<br \/>\n11:09<\/span><\/td>\n<\/tr>\n<tr class=\"edital-tr-link hide-link\">\n<td><a href=\"http:\/\/www.planalto.gov.br\/ccivil_03\/LEIS\/L8112cons.htm\" target=\"_blank\" rel=\"nofollow noopener\">Lei 8.112\/1990<\/a><\/td>\n<td><a class=\"tipo-link font-sm\" title=\"Filtrar apenas arquivos com o tipo Link \" href=\"https:\/\/www.ufsm.br\/pro-reitorias\/progep\/editais\/177-2019\/?tipo=link\" target=\"_blank\" rel=\"nofollow noopener\">Link<\/a><\/td>\n<td class=\"data-edital\"><span class=\"data-publicacao-widget font-sm\">27\/09\/2019<br \/>\n11:09<\/span><\/td>\n<\/tr>\n<tr class=\"edital-tr-2 hide-2\">\n<td><a href=\"https:\/\/www.ufsm.br\/pro-reitorias\/progep\/wp-content\/uploads\/sites\/341\/2019\/09\/PLANILHAS-CCS.pdf\">Planilhas de Avalia\u00e7\u00e3o das Provas &#8211; Centro de Ci\u00eancias da Sa\u00fade (pdf &#8211; 191 KB)<\/a><\/td>\n<td><a class=\"tipo-link font-sm\" title=\"Filtrar apenas arquivos com o tipo Links \u00dateis \" href=\"https:\/\/www.ufsm.br\/pro-reitorias\/progep\/editais\/177-2019\/?tipo=2\" target=\"_blank\" rel=\"nofollow noopener\">Links \u00dateis<\/a><\/td>\n<td class=\"data-edital\"><span class=\"data-publicacao-widget font-sm\">27\/09\/2019<br \/>\n11:09<\/span><\/td>\n<\/tr>\n<tr class=\"edital-tr-2 hide-2\">\n<td><a href=\"https:\/\/www.ufsm.br\/pro-reitorias\/progep\/wp-content\/uploads\/sites\/341\/2019\/09\/Planilhas-CEFD.pdf\">Planilhas de Avalia\u00e7\u00e3o das Provas &#8211; Centro de Educa\u00e7\u00e3o F\u00edsica e Desportos (pdf &#8211; 236 KB)<\/a><\/td>\n<td><a class=\"tipo-link font-sm\" title=\"Filtrar apenas arquivos com o tipo Links \u00dateis \" href=\"https:\/\/www.ufsm.br\/pro-reitorias\/progep\/editais\/177-2019\/?tipo=2\" target=\"_blank\" rel=\"nofollow noopener\">Links \u00dateis<\/a><\/td>\n<td class=\"data-edital\"><span class=\"data-publicacao-widget font-sm\">27\/09\/2019<br \/>\n11:09<\/span><\/td>\n<\/tr>\n<tr class=\"edital-tr-2 hide-2\">\n<td><a href=\"https:\/\/www.ufsm.br\/pro-reitorias\/progep\/wp-content\/uploads\/sites\/341\/2019\/09\/Planilhas-CT.pdf\">Planilhas de Avalia\u00e7\u00e3o das Provas &#8211; Centro de Tecnologia (pdf &#8211; 118 KB)<\/a><\/td>\n<td><a class=\"tipo-link font-sm\" title=\"Filtrar apenas arquivos com o tipo Links \u00dateis \" href=\"https:\/\/www.ufsm.br\/pro-reitorias\/progep\/editais\/177-2019\/?tipo=2\" target=\"_blank\" rel=\"nofollow noopener\">Links \u00dateis<\/a><\/td>\n<td class=\"data-edital\"><span class=\"data-publicacao-widget font-sm\">27\/09\/2019<br \/>\n11:09<\/span><\/td>\n<\/tr>\n<tr class=\"edital-tr-2 hide-2\">\n<td><a href=\"https:\/\/www.ufsm.br\/pro-reitorias\/progep\/wp-content\/uploads\/sites\/341\/2019\/09\/PLANILHAS-CAL.pdf\">Planilhas de Avalia\u00e7\u00e3o das Provas &#8211; Centro de Artes e Letras (pdf &#8211; 2 MB)<\/a><\/td>\n<td><a class=\"tipo-link font-sm\" title=\"Filtrar apenas arquivos com o tipo Links \u00dateis \" href=\"https:\/\/www.ufsm.br\/pro-reitorias\/progep\/editais\/177-2019\/?tipo=2\" target=\"_blank\" rel=\"nofollow noopener\">Links \u00dateis<\/a><\/td>\n<td class=\"data-edital\"><span class=\"data-publicacao-widget font-sm\">27\/09\/2019<br \/>\n11:09<\/span><\/td>\n<\/tr>\n<tr class=\"edital-tr-2 hide-2\">\n<td><a href=\"https:\/\/www.ufsm.br\/pro-reitorias\/progep\/wp-content\/uploads\/sites\/341\/2019\/09\/PLANILHAS-PM.pdf\">Planilhas de Avalia\u00e7\u00e3o das Provas &#8211; Campus Palmeira das Miss\u00f5es (pdf &#8211; 15 MB)<\/a><\/td>\n<td><a class=\"tipo-link font-sm\" title=\"Filtrar apenas arquivos com o tipo Links \u00dateis \" href=\"https:\/\/www.ufsm.br\/pro-reitorias\/progep\/editais\/177-2019\/?tipo=2\" target=\"_blank\" rel=\"nofollow noopener\">Links \u00dateis<\/a><\/td>\n<td class=\"data-edital\"><span class=\"data-publicacao-widget font-sm\">27\/09\/2019<br \/>\n11:09<\/span><\/td>\n<\/tr>\n<tr class=\"edital-tr-2 hide-2\">\n<td><a href=\"https:\/\/www.ufsm.br\/pro-reitorias\/progep\/wp-content\/uploads\/sites\/341\/2019\/09\/Planilhas-CCSH-Did%C3%A1tica-Escrita-Defesa-da-Produ%C3%A7%C3%A3o-Intelectual.pdf\">Planilhas de Avalia\u00e7\u00e3o das Provas &#8211; Centro de Ci\u00eancias Sociais e Humanas (pdf &#8211; 399 KB)<\/a><\/td>\n<td><a class=\"tipo-link font-sm\" title=\"Filtrar apenas arquivos com o tipo Links \u00dateis \" href=\"https:\/\/www.ufsm.br\/pro-reitorias\/progep\/editais\/177-2019\/?tipo=2\" target=\"_blank\" rel=\"nofollow noopener\">Links \u00dateis<\/a><\/td>\n<td class=\"data-edital\"><span class=\"data-publicacao-widget font-sm\">27\/09\/2019<br \/>\n11:09<\/span><\/td>\n<\/tr>\n<\/tbody>\n<\/table>\n<\/div>\n<p>&nbsp;<\/p>\n<p>&nbsp;<\/p>\n<p>&nbsp;<\/p>\n<p style=\"text-align: center;\"><strong>EDITAL N. 177, DE 25 DE SETEMBRO DE 2019<\/strong><\/p>\n<p style=\"text-align: center;\"><strong>Concurso P\u00fablico para Docentes do Magist\u00e9rio Superior<\/strong><\/p>\n<p><strong>\u00a0<\/strong><\/p>\n<p><strong><u>Instru\u00e7\u00f5es para Inscri\u00e7\u00f5es<\/u><\/strong><\/p>\n<p>\u2013 Inscri\u00e7\u00f5es exclusivamente no endere\u00e7o do s\u00edtio da UFSM, mediante preenchimento de formul\u00e1rio eletr\u00f4nico espec\u00edfico;<\/p>\n<p>\u2013 In\u00edcio: 09h do dia <strong>30 de setembro de 2019 <\/strong>(segunda-feira);<\/p>\n<p>\u2013 T\u00e9rmino: 23h59min do dia <strong>30 de outubro de 2019 <\/strong>(quarta-feira);<\/p>\n<p>\u2013 Preencher corretamente e enviar o formul\u00e1rio eletr\u00f4nico de inscri\u00e7\u00e3o;<\/p>\n<p>\u2013 Preencher e imprimir a Guia de Recolhimento da Uni\u00e3o (GRU);<\/p>\n<p>\u2013 Pagar a inscri\u00e7\u00e3o, via GRU, no Banco do Brasil, <strong>at\u00e9 o dia 31\/10\/2019<\/strong> (quinta-feira), no valor de:<\/p>\n<p>\u2013 Adjunto A, N\u00edvel 1 (Dedica\u00e7\u00e3o Exclusiva): <strong>R$ 240,00<\/strong> (duzentos e quarenta reais).<\/p>\n<p>&nbsp;<\/p>\n<p><strong><u>Isen\u00e7\u00e3o do pagamento da inscri\u00e7\u00e3o<\/u><\/strong><\/p>\n<p>\u2013 A isen\u00e7\u00e3o do pagamento da inscri\u00e7\u00e3o dever\u00e1 ser solicitada at\u00e9 o dia\u00a0<strong>07\/10\/2019<\/strong>\u00a0mediante requerimento do candidato; indicando no requerimento o N\u00famero de Identifica\u00e7\u00e3o Social \u2013 NIS, atribu\u00eddo pelo Cad\u00danico;<\/p>\n<p>\u2013 O candidato que preencher, no requerimento de inscri\u00e7\u00e3o, o N\u00famero de Identifica\u00e7\u00e3o Social (NIS), e o nome completo de sua m\u00e3e, estar\u00e1, automaticamente, solicitando isen\u00e7\u00e3o do pagamento da inscri\u00e7\u00e3o e declarando ser membro de fam\u00edlia de baixa renda, nos termos do Decreto n. 6.135\/2007;<\/p>\n<p>\u2013 Para requerer a isen\u00e7\u00e3o na condi\u00e7\u00e3o de doador de medula \u00f3ssea, o candidato dever\u00e1 anexar, <strong>obrigatoriamente<\/strong>, no formul\u00e1rio de inscri\u00e7\u00f5es, c\u00f3pia digitalizada, clara e leg\u00edvel, em formato de imagem ou PDF do cart\u00e3o de doador de medula ou documento expedido pelas entidades cadastradas pelo Minist\u00e9rio da Sa\u00fade que comprovem tal condi\u00e7\u00e3o;<\/p>\n<p>\u2013 A listagem preliminar contendo o resultado da aprecia\u00e7\u00e3o dos pedidos de isen\u00e7\u00e3o do pagamento ser\u00e1 divulgada at\u00e9 o dia\u00a0<strong>15\/10<\/strong><strong>\/2019<\/strong><strong>, na p\u00e1gina do Concurso<\/strong><strong>;<\/strong><\/p>\n<p>\u2013 Caber\u00e1 ao candidato realizar consulta na p\u00e1gina do Concurso para verificar a sua situa\u00e7\u00e3o com rela\u00e7\u00e3o \u00e0 isen\u00e7\u00e3o de sua inscri\u00e7\u00e3o;<\/p>\n<p>\u2013 O candidato que tiver seu pedido indeferido dever\u00e1 efetuar o pagamento da inscri\u00e7\u00e3o, dentro do prazo normal estipulado no <strong>Edital N. 177\/2019<\/strong>.<\/p>\n<p><strong><u>\u00a0<\/u><\/strong><\/p>\n<p><strong><u>Provas do Concurso P\u00fablico<\/u><\/strong><\/p>\n<p>\u2013 O <strong>per\u00edodo<\/strong> <strong>prov\u00e1vel<\/strong> para in\u00edcio da realiza\u00e7\u00e3o das provas ser\u00e1 de <strong>26\/01\/2020 a 27\/03\/2020<\/strong>.<\/p>\n<p>\u2013 O concurso ser\u00e1 constitu\u00eddo das seguintes provas:<\/p>\n<ol>\n<li>a) Prova Escrita, <em>de car\u00e1ter eliminat\u00f3rio e classificat\u00f3rio<\/em>;<\/li>\n<li>b) Prova Did\u00e1tica;<\/li>\n<li>c) Prova de Defesa da Produ\u00e7\u00e3o Intelectual;<\/li>\n<li>d) Prova de T\u00edtulos;<\/li>\n<li>e) Prova Pr\u00e1tica (quando prevista no Anexo I do Edital).<\/li>\n<\/ol>\n<p>&nbsp;<\/p>\n<p><strong>Mais Informa\u00e7\u00f5es: <a href=\"https:\/\/www.ufsm.br\/pro-reitorias\/progep\/editais\/177-2019\/\">Site UFSM<\/a><\/strong><\/p>\n","protected":false},"excerpt":{"rendered":"<p>Fonte: UFSM Publica\u00e7\u00f5es: T\u00edtulo Tipo Data Inscri\u00e7\u00f5es on-line Link 27\/09\/2019 16:09 Edital de Abertura (pdf &#8211; 126 KB) Edital 27\/09\/2019 11:09 Anexo I &#8211; Instru\u00e7\u00f5es Espec\u00edficas e Programa das Provas (pdf &#8211; 89 KB) Edital 27\/09\/2019 11:09 Anexo II &#8211; Planilha de Avalia\u00e7\u00e3o para Prova de T\u00edtulos (pdf &#8211; 38 KB) Edital 27\/09\/2019 11:09 Cronograma (pdf &#8211; 57 KB) Links \u00dateis 27\/09\/2019 11:09 Resolu\u00e7\u00e3o 030\/2013 (e altera\u00e7\u00f5es) Link 27\/09\/2019 11:09 Lei 8.112\/1990 Link 27\/09\/2019 11:09 Planilhas de Avalia\u00e7\u00e3o das Provas &#8211; Centro de Ci\u00eancias da Sa\u00fade (pdf &#8211; 191 KB) Links \u00dateis 27\/09\/2019 11:09 Planilhas de Avalia\u00e7\u00e3o das Provas &#8211; Centro de Educa\u00e7\u00e3o F\u00edsica e Desportos (pdf &#8211; 236 KB) Links \u00dateis 27\/09\/2019 11:09 Planilhas de Avalia\u00e7\u00e3o das Provas &#8211; Centro de Tecnologia (pdf &#8211; 118 KB) Links \u00dateis 27\/09\/2019 11:09 Planilhas de Avalia\u00e7\u00e3o das Provas &#8211; Centro de Artes e Letras (pdf &#8211; 2 MB) Links \u00dateis 27\/09\/2019 11:09 Planilhas de Avalia\u00e7\u00e3o das Provas &#8211; Campus Palmeira das Miss\u00f5es (pdf &#8211; 15 MB) Links \u00dateis 27\/09\/2019 11:09 Planilhas de Avalia\u00e7\u00e3o das Provas &#8211; Centro de Ci\u00eancias Sociais e Humanas (pdf &#8211; 399 KB) Links \u00dateis 27\/09\/2019 11:09 &nbsp; &nbsp; &nbsp; EDITAL N. 177, DE 25 DE SETEMBRO DE 2019 Concurso P\u00fablico para Docentes do Magist\u00e9rio Superior \u00a0 Instru\u00e7\u00f5es para Inscri\u00e7\u00f5es \u2013 Inscri\u00e7\u00f5es exclusivamente no endere\u00e7o do s\u00edtio da UFSM, mediante preenchimento de formul\u00e1rio eletr\u00f4nico espec\u00edfico; \u2013 In\u00edcio: 09h do dia 30 de setembro de 2019 (segunda-feira); \u2013 T\u00e9rmino: 23h59min do dia 30 de outubro de 2019 (quarta-feira); \u2013 Preencher corretamente e enviar o formul\u00e1rio eletr\u00f4nico de inscri\u00e7\u00e3o; \u2013 Preencher e imprimir a Guia de Recolhimento da Uni\u00e3o (GRU); \u2013 Pagar a inscri\u00e7\u00e3o, via GRU, no Banco do Brasil, at\u00e9 o dia 31\/10\/2019 (quinta-feira), no valor de: \u2013 Adjunto A, N\u00edvel 1 (Dedica\u00e7\u00e3o Exclusiva): R$ 240,00 (duzentos e quarenta reais). &nbsp; Isen\u00e7\u00e3o do pagamento da inscri\u00e7\u00e3o \u2013 A isen\u00e7\u00e3o do pagamento da inscri\u00e7\u00e3o dever\u00e1 ser solicitada at\u00e9 o dia\u00a007\/10\/2019\u00a0mediante requerimento do candidato; indicando no requerimento o N\u00famero de Identifica\u00e7\u00e3o Social \u2013 NIS, atribu\u00eddo pelo Cad\u00danico; \u2013 O candidato que preencher, no requerimento de inscri\u00e7\u00e3o, o N\u00famero de Identifica\u00e7\u00e3o Social (NIS), e o nome completo de sua m\u00e3e, estar\u00e1, automaticamente, solicitando isen\u00e7\u00e3o do pagamento da inscri\u00e7\u00e3o e declarando ser membro de fam\u00edlia de baixa renda, nos termos do Decreto n. 6.135\/2007; \u2013 Para requerer a isen\u00e7\u00e3o na condi\u00e7\u00e3o de doador de medula \u00f3ssea, o candidato dever\u00e1 anexar, obrigatoriamente, no formul\u00e1rio de inscri\u00e7\u00f5es, c\u00f3pia digitalizada, clara e leg\u00edvel, em formato de imagem ou PDF do cart\u00e3o de doador de medula ou documento expedido pelas entidades cadastradas pelo Minist\u00e9rio da Sa\u00fade que comprovem tal condi\u00e7\u00e3o; \u2013 A listagem preliminar contendo o resultado da aprecia\u00e7\u00e3o dos pedidos de isen\u00e7\u00e3o do pagamento ser\u00e1 divulgada at\u00e9 o dia\u00a015\/10\/2019, na p\u00e1gina do Concurso; \u2013 Caber\u00e1 ao candidato realizar consulta na p\u00e1gina do Concurso para verificar a sua situa\u00e7\u00e3o com rela\u00e7\u00e3o \u00e0 isen\u00e7\u00e3o de sua inscri\u00e7\u00e3o; \u2013 O candidato que tiver seu pedido indeferido dever\u00e1 efetuar o pagamento da inscri\u00e7\u00e3o, dentro do prazo normal estipulado no Edital N. 177\/2019. \u00a0 Provas do Concurso P\u00fablico \u2013 O per\u00edodo prov\u00e1vel para in\u00edcio da realiza\u00e7\u00e3o das provas ser\u00e1 de 26\/01\/2020 a 27\/03\/2020. \u2013 O concurso ser\u00e1 constitu\u00eddo das seguintes provas: a) Prova Escrita, de car\u00e1ter eliminat\u00f3rio e classificat\u00f3rio; b) Prova Did\u00e1tica; c) Prova de Defesa da Produ\u00e7\u00e3o Intelectual; d) Prova de T\u00edtulos; e) Prova Pr\u00e1tica (quando prevista no Anexo I do Edital). &nbsp; Mais Informa\u00e7\u00f5es: Site UFSM<\/p>\n","protected":false},"author":1,"featured_media":0,"comment_status":"closed","ping_status":"open","sticky":false,"template":"","format":"standard","meta":{"site-sidebar-layout":"default","site-content-layout":"","ast-site-content-layout":"default","site-content-style":"default","site-sidebar-style":"default","ast-global-header-display":"","ast-banner-title-visibility":"","ast-main-header-display":"","ast-hfb-above-header-display":"","ast-hfb-below-header-display":"","ast-hfb-mobile-header-display":"","site-post-title":"","ast-breadcrumbs-content":"","ast-featured-img":"","footer-sml-layout":"","theme-transparent-header-meta":"","adv-header-id-meta":"","stick-header-meta":"","header-above-stick-meta":"","header-main-stick-meta":"","header-below-stick-meta":"","astra-migrate-meta-layouts":"default","ast-page-background-enabled":"default","ast-page-background-meta":{"desktop":{"background-color":"var(--ast-global-color-5)","background-image":"","background-repeat":"repeat","background-position":"center center","background-size":"auto","background-attachment":"scroll","background-type":"","background-media":"","overlay-type":"","overlay-color":"","overlay-opacity":"","overlay-gradient":""},"tablet":{"background-color":"","background-image":"","background-repeat":"repeat","background-position":"center center","background-size":"auto","background-attachment":"scroll","background-type":"","background-media":"","overlay-type":"","overlay-color":"","overlay-opacity":"","overlay-gradient":""},"mobile":{"background-color":"","background-image":"","background-repeat":"repeat","background-position":"center center","background-size":"auto","background-attachment":"scroll","background-type":"","background-media":"","overlay-type":"","overlay-color":"","overlay-opacity":"","overlay-gradient":""}},"ast-content-background-meta":{"desktop":{"background-color":"var(--ast-global-color-4)","background-image":"","background-repeat":"repeat","background-position":"center center","background-size":"auto","background-attachment":"scroll","background-type":"","background-media":"","overlay-type":"","overlay-color":"","overlay-opacity":"","overlay-gradient":""},"tablet":{"background-color":"var(--ast-global-color-4)","background-image":"","background-repeat":"repeat","background-position":"center center","background-size":"auto","background-attachment":"scroll","background-type":"","background-media":"","overlay-type":"","overlay-color":"","overlay-opacity":"","overlay-gradient":""},"mobile":{"background-color":"var(--ast-global-color-4)","background-image":"","background-repeat":"repeat","background-position":"center center","background-size":"auto","background-attachment":"scroll","background-type":"","background-media":"","overlay-type":"","overlay-color":"","overlay-opacity":"","overlay-gradient":""}},"footnotes":""},"categories":[48],"tags":[87,88,89,90],"class_list":["post-2096","post","type-post","status-publish","format-standard","hentry","category-oportunidades","tag-carreira-do-magisterio-superior","tag-concurso","tag-concurso-publico","tag-ufsm"],"_links":{"self":[{"href":"https:\/\/clientes.jusanalytics.com.br\/professor\/wp-json\/wp\/v2\/posts\/2096","targetHints":{"allow":["GET"]}}],"collection":[{"href":"https:\/\/clientes.jusanalytics.com.br\/professor\/wp-json\/wp\/v2\/posts"}],"about":[{"href":"https:\/\/clientes.jusanalytics.com.br\/professor\/wp-json\/wp\/v2\/types\/post"}],"author":[{"embeddable":true,"href":"https:\/\/clientes.jusanalytics.com.br\/professor\/wp-json\/wp\/v2\/users\/1"}],"replies":[{"embeddable":true,"href":"https:\/\/clientes.jusanalytics.com.br\/professor\/wp-json\/wp\/v2\/comments?post=2096"}],"version-history":[{"count":0,"href":"https:\/\/clientes.jusanalytics.com.br\/professor\/wp-json\/wp\/v2\/posts\/2096\/revisions"}],"wp:attachment":[{"href":"https:\/\/clientes.jusanalytics.com.br\/professor\/wp-json\/wp\/v2\/media?parent=2096"}],"wp:term":[{"taxonomy":"category","embeddable":true,"href":"https:\/\/clientes.jusanalytics.com.br\/professor\/wp-json\/wp\/v2\/categories?post=2096"},{"taxonomy":"post_tag","embeddable":true,"href":"https:\/\/clientes.jusanalytics.com.br\/professor\/wp-json\/wp\/v2\/tags?post=2096"}],"curies":[{"name":"wp","href":"https:\/\/api.w.org\/{rel}","templated":true}]}}