{"id":395,"date":"2026-03-31T07:24:58","date_gmt":"2026-03-31T10:24:58","guid":{"rendered":"https:\/\/clientes.jusanalytics.com.br\/cs\/?p=395"},"modified":"2026-03-31T07:31:14","modified_gmt":"2026-03-31T10:31:14","slug":"a-importancia-da-legal-opinion-em-um-cenario-tributario-de-incertezas","status":"publish","type":"post","link":"https:\/\/clientes.jusanalytics.com.br\/cs\/a-importancia-da-legal-opinion-em-um-cenario-tributario-de-incertezas\/","title":{"rendered":"A import\u00e2ncia da legal opinion em um cen\u00e1rio tribut\u00e1rio de incertezas"},"content":{"rendered":"\r\n<p><strong>Por: Camila Alvarenga<\/strong><\/p>\r\n<p class=\"cvGsUA direction-ltr align-justify para-style-body\"><span class=\"a_GcMg font-feature-liga-off font-feature-clig-off font-feature-calt-off text-decoration-none text-strikethrough-none\">Nos \u00faltimos meses, grande parte das discuss\u00f5es tribut\u00e1rias no Brasil passou a girar em torno da Reforma Tribut\u00e1ria. Empresas e especialistas passaram a concentrar seus esfor\u00e7os na tentativa de compreender os impactos do novo modelo de tributa\u00e7\u00e3o do consumo e na prepara\u00e7\u00e3o para um sistema que come\u00e7ar\u00e1 a produzir efeitos mais concretos a partir de 2027.<\/span><\/p>\r\n<p class=\"cvGsUA direction-ltr align-justify para-style-body\"><span class=\"a_GcMg font-feature-liga-off font-feature-clig-off font-feature-calt-off text-decoration-none text-strikethrough-none\">A percep\u00e7\u00e3o predominante era de que os principais desafios estariam no futuro.<\/span><\/p>\r\n<p class=\"cvGsUA direction-ltr align-justify para-style-body\"><span class=\"a_GcMg font-feature-liga-off font-feature-clig-off font-feature-calt-off text-decoration-none text-strikethrough-none\">Contudo, os acontecimentos mais recentes demonstram que a instabilidade n\u00e3o est\u00e1 apenas no novo regime tribut\u00e1rio em constru\u00e7\u00e3o. O pr\u00f3prio sistema vigente j\u00e1 tem apresentado mudan\u00e7as relevantes e inesperadas, capazes de impactar diretamente a seguran\u00e7a jur\u00eddica das empresas.<\/span><\/p>\r\n<p class=\"cvGsUA direction-ltr align-justify para-style-body\"><span class=\"a_GcMg font-feature-liga-off font-feature-clig-off font-feature-calt-off text-decoration-none text-strikethrough-none\">A edi\u00e7\u00e3o da Lei Complementar n\u00ba 224 \u00e9 um exemplo claro desse cen\u00e1rio. A norma promoveu uma redu\u00e7\u00e3o linear de benef\u00edcios fiscais relevantes para diversos setores da economia, sem que o seu pr\u00f3prio texto reproduzisse de forma clara e completa quais incentivos estariam efetivamente abrangidos ou exclu\u00eddos pela nova disciplina.<\/span><\/p>\r\n<p class=\"cvGsUA direction-ltr align-justify para-style-body\"><span class=\"a_GcMg font-feature-liga-off font-feature-clig-off font-feature-calt-off text-decoration-none text-strikethrough-none\">O resultado foi a cria\u00e7\u00e3o de um ambiente de incerteza interpretativa, no qual empresas precisam avaliar, com cautela, os impactos pr\u00e1ticos da norma sobre suas opera\u00e7\u00f5es.<\/span><\/p>\r\n<p class=\"cvGsUA direction-ltr align-justify para-style-body\"><span class=\"a_GcMg font-feature-liga-off font-feature-clig-off font-feature-calt-off text-decoration-none text-strikethrough-none\">Esse cen\u00e1rio torna-se ainda mais complexo quando se observa que a regulamenta\u00e7\u00e3o infralegal da lei j\u00e1 sofreu altera\u00e7\u00f5es em curto espa\u00e7o de tempo, com mudan\u00e7as sucessivas na instru\u00e7\u00e3o normativa respons\u00e1vel por sua aplica\u00e7\u00e3o.<\/span><\/p>\r\n<p class=\"cvGsUA direction-ltr align-justify para-style-body\"><span class=\"a_GcMg font-feature-liga-off font-feature-clig-off font-feature-calt-off text-decoration-none text-strikethrough-none\">Ou seja, enquanto as empresas se preparavam para enfrentar os desafios do novo sistema tribut\u00e1rio, perceberam que o pr\u00f3prio regime atual j\u00e1 come\u00e7ou a se transformar de forma significativa.<\/span><\/p>\r\n<p class=\"cvGsUA direction-ltr align-justify para-style-body\"><span class=\"a_GcMg font-feature-liga-off font-feature-clig-off font-feature-calt-off text-decoration-none text-strikethrough-none\">Nesse contexto, torna-se evidente que as empresas n\u00e3o podem simplesmente aguardar a implementa\u00e7\u00e3o plena da reforma tribut\u00e1ria para ent\u00e3o avaliar seus impactos. As decis\u00f5es precisam ser tomadas agora, e precisam ser tomadas com seguran\u00e7a jur\u00eddica.<\/span><\/p>\r\n<p class=\"cvGsUA direction-ltr align-justify para-style-body\"><span class=\"a_GcMg font-feature-liga-off font-feature-clig-off font-feature-calt-off text-decoration-none text-strikethrough-none\">\u00c9 nesse ponto que a legal opinion assume papel estrat\u00e9gico.<\/span><\/p>\r\n<p class=\"cvGsUA direction-ltr align-justify para-style-body\"><span class=\"a_GcMg font-feature-liga-off font-feature-clig-off font-feature-calt-off text-decoration-none text-strikethrough-none\">A elabora\u00e7\u00e3o de uma opini\u00e3o jur\u00eddica especializada permite avaliar o alcance das altera\u00e7\u00f5es normativas, identificar riscos e estruturar interpreta\u00e7\u00f5es juridicamente sustent\u00e1veis para a condu\u00e7\u00e3o das atividades empresariais.<\/span><\/p>\r\n<p class=\"cvGsUA direction-ltr align-justify para-style-body\"><span class=\"a_GcMg font-feature-liga-off font-feature-clig-off font-feature-calt-off text-decoration-none text-strikethrough-none\">No caso da Lei Complementar n\u00ba 224, por exemplo, j\u00e1 surgem debates relevantes acerca da veda\u00e7\u00e3o ao aproveitamento de determinados cr\u00e9ditos tribut\u00e1rios e da poss\u00edvel incompatibilidade dessa restri\u00e7\u00e3o com o princ\u00edpio constitucional da n\u00e3o-cumulatividade. Tamb\u00e9m se discutem eventuais distor\u00e7\u00f5es decorrentes da aplica\u00e7\u00e3o linear da redu\u00e7\u00e3o de benef\u00edcios fiscais, o que pode suscitar questionamentos sob a \u00f3tica da isonomia e da justi\u00e7a fiscal.<\/span><\/p>\r\n<p class=\"cvGsUA direction-ltr align-justify para-style-body\"><span class=\"a_GcMg font-feature-liga-off font-feature-clig-off font-feature-calt-off text-decoration-none text-strikethrough-none\">Em um ambiente marcado por mudan\u00e7as normativas e interpreta\u00e7\u00f5es ainda em forma\u00e7\u00e3o, a aus\u00eancia de an\u00e1lise jur\u00eddica especializada pode expor empresas a riscos relevantes, como autua\u00e7\u00f5es fiscais, glosas de cr\u00e9ditos ou conting\u00eancias tribut\u00e1rias que poderiam ser evitadas por meio de uma avalia\u00e7\u00e3o t\u00e9cnica adequada.<\/span><\/p>\r\n<p class=\"cvGsUA direction-ltr align-justify para-style-body\"><span class=\"a_GcMg font-feature-liga-off font-feature-clig-off font-feature-calt-off text-decoration-none text-strikethrough-none\">Por essa raz\u00e3o, a legal opinion deixou de ser apenas um instrumento consultivo e passou a assumir papel central na gest\u00e3o de riscos e na tomada de decis\u00f5es empresariais.<\/span><\/p>\r\n<p class=\"cvGsUA direction-ltr align-justify para-style-body\"><span class=\"a_GcMg font-feature-liga-off font-feature-clig-off font-feature-calt-off text-decoration-none text-strikethrough-none\">Mais do que interpretar a legisla\u00e7\u00e3o, uma opini\u00e3o jur\u00eddica qualificada exige compreens\u00e3o profunda do setor econ\u00f4mico envolvido, da din\u00e2mica regulat\u00f3ria aplic\u00e1vel e das poss\u00edveis controv\u00e9rsias jur\u00eddicas que podem surgir no futuro.<\/span><\/p>\r\n<p class=\"cvGsUA direction-ltr align-justify para-style-body\"><span class=\"a_GcMg font-feature-liga-off font-feature-clig-off font-feature-calt-off text-decoration-none text-strikethrough-none\">A experi\u00eancia pr\u00e1tica nesse tipo de an\u00e1lise torna-se, portanto, um fator determinante.<\/span><\/p>\r\n<p class=\"cvGsUA direction-ltr align-justify para-style-body\"><span class=\"a_GcMg font-feature-liga-off font-feature-clig-off font-feature-calt-off text-decoration-none text-strikethrough-none\">Desde 2008 atuamos de forma cont\u00ednua na assessoria jur\u00eddica a empresas inseridas em cadeias produtivas reguladas, acompanhando de perto as transforma\u00e7\u00f5es normativas que impactam esses setores. Essa trajet\u00f3ria nos permite oferecer an\u00e1lises jur\u00eddicas que n\u00e3o apenas interpretam a legisla\u00e7\u00e3o, mas tamb\u00e9m traduzem seus efeitos concretos sobre a atividade empresarial.<\/span><\/p>\r\n<p class=\"cvGsUA direction-ltr align-justify para-style-body\"><span class=\"a_GcMg font-feature-liga-off font-feature-clig-off font-feature-calt-off text-decoration-none text-strikethrough-none\">Em um cen\u00e1rio tribut\u00e1rio cada vez mais din\u00e2mico e incerto, contar com uma an\u00e1lise jur\u00eddica s\u00f3lida deixou de ser uma escolha, tornou-se uma necessidade estrat\u00e9gica.<\/span><\/p>\r\n","protected":false},"excerpt":{"rendered":"<p>Por: Camila Alvarenga Nos \u00faltimos meses, grande parte das discuss\u00f5es tribut\u00e1rias no Brasil passou a girar em torno da Reforma Tribut\u00e1ria. Empresas e especialistas passaram a concentrar seus esfor\u00e7os na tentativa de compreender os impactos do novo modelo de tributa\u00e7\u00e3o do consumo e na prepara\u00e7\u00e3o para um sistema que come\u00e7ar\u00e1 a produzir efeitos mais concretos [&hellip;]<\/p>\n","protected":false},"author":1,"featured_media":396,"comment_status":"open","ping_status":"open","sticky":false,"template":"","format":"standard","meta":{"saved_in_kubio":false,"_joinchat":[],"footnotes":""},"categories":[10],"tags":[12],"class_list":["post-395","post","type-post","status-publish","format-standard","has-post-thumbnail","hentry","category-artigo","tag-legal-opinion"],"_links":{"self":[{"href":"https:\/\/clientes.jusanalytics.com.br\/cs\/wp-json\/wp\/v2\/posts\/395","targetHints":{"allow":["GET"]}}],"collection":[{"href":"https:\/\/clientes.jusanalytics.com.br\/cs\/wp-json\/wp\/v2\/posts"}],"about":[{"href":"https:\/\/clientes.jusanalytics.com.br\/cs\/wp-json\/wp\/v2\/types\/post"}],"author":[{"embeddable":true,"href":"https:\/\/clientes.jusanalytics.com.br\/cs\/wp-json\/wp\/v2\/users\/1"}],"replies":[{"embeddable":true,"href":"https:\/\/clientes.jusanalytics.com.br\/cs\/wp-json\/wp\/v2\/comments?post=395"}],"version-history":[{"count":1,"href":"https:\/\/clientes.jusanalytics.com.br\/cs\/wp-json\/wp\/v2\/posts\/395\/revisions"}],"predecessor-version":[{"id":397,"href":"https:\/\/clientes.jusanalytics.com.br\/cs\/wp-json\/wp\/v2\/posts\/395\/revisions\/397"}],"wp:featuredmedia":[{"embeddable":true,"href":"https:\/\/clientes.jusanalytics.com.br\/cs\/wp-json\/wp\/v2\/media\/396"}],"wp:attachment":[{"href":"https:\/\/clientes.jusanalytics.com.br\/cs\/wp-json\/wp\/v2\/media?parent=395"}],"wp:term":[{"taxonomy":"category","embeddable":true,"href":"https:\/\/clientes.jusanalytics.com.br\/cs\/wp-json\/wp\/v2\/categories?post=395"},{"taxonomy":"post_tag","embeddable":true,"href":"https:\/\/clientes.jusanalytics.com.br\/cs\/wp-json\/wp\/v2\/tags?post=395"}],"curies":[{"name":"wp","href":"https:\/\/api.w.org\/{rel}","templated":true}]}}